{"id":109273,"date":"2025-12-17T19:01:15","date_gmt":"2025-12-17T19:01:15","guid":{"rendered":"https:\/\/www.europesays.com\/se\/109273\/"},"modified":"2025-12-17T19:01:15","modified_gmt":"2025-12-17T19:01:15","slug":"nathan-shachar-kaskad-av-radikala-forslag","status":"publish","type":"post","link":"https:\/\/www.europesays.com\/se\/109273\/","title":{"rendered":"Nathan Shachar: Kaskad av radikala f\u00f6rslag"},"content":{"rendered":"<p>Detta \u00e4r en kommenterande text. Skribenten svarar f\u00f6r analys och st\u00e4llningstaganden i texten.<\/p>\n<p>Det mest radikala f\u00f6rslaget kommer fr\u00e5n justitieminister Yariv Levin och inneb\u00e4r i praktiken att regeringen tar \u00f6ver riks\u00e5klagar\u00e4mbetet. Levins nya lagf\u00f6rslag skulle ge honom r\u00e4tt att v\u00e4cka \u00e5tal mot personer om riks\u00e5klagaren inte g\u00f6r det. Reformen \u00e4r en del av den r\u00e4ttsrevolution som Levin inledde f\u00f6r tre \u00e5r sedan, och som enligt kritiker syftar till att avskaffa demokratin.<\/p>\n<p>En annan lag, av pressen d\u00f6pt till \u201djobblagen\u201d g\u00e4ller reglerna f\u00f6r anst\u00e4llning inom den offentliga sektorn. Israel har en s\u00e4rskild myndighet som kontrollerar att tj\u00e4nstem\u00e4n i stat och kommun \u00e4r kvalificerade, och inte f\u00e5tt jobbet via v\u00e4nskap, sl\u00e4ktskap eller politiskt beskydd. Den ordningen vill regeringen nu avskaffa, s\u00e5 att ministrar och chefer f\u00e5r full frihet att utse medarbetare.<\/p>\n<p><strong>Vidare stundar lagstiftning<\/strong> som straffar pensionerade officerare som st\u00f6dde den protestr\u00f6relse som 2023 fick tiotusentals soldater och officerare i reserven att v\u00e4gra b\u00e4ra vapen \u2013 i protest mot f\u00f6rs\u00f6ken att inskr\u00e4nka demokratin. Personer som manat till vapenv\u00e4gran av politiska sk\u00e4l kommer att mista sin pension och sin milit\u00e4ra grad om lagen antas.<\/p>\n<p>Initiativet kallas \u201dGolanlagen\u201d, efter general Yair Golan, ledare f\u00f6r det nya v\u00e4nsterpartiet \u201dDemokraterna\u201d, en av regeringens hatfigurer.<\/p>\n<p>          <img decoding=\"async\" class=\"picture__img\" src=\"https:\/\/www.europesays.com\/se\/wp-content\/uploads\/2025\/12\/75519bd8-01ac-43ea-980a-edb8715c0f51.jpeg\"   alt=\"Yair Golan leder det nya v\u00e4nsterpartiet Demokraterna.\"\/><\/p>\n<p>      Yair Golan leder det nya v\u00e4nsterpartiet Demokraterna.<\/p>\n<p>      Foto: Eyal Warshavsky\/TT<\/p>\n<p>Golan gjorde sig \u00e4n mer avskydd av Benjamin Netanyahus koalition den 7 oktober 2023, d\u00e5 han och andra \u00e4ldre officerare konfronterade Hamas terrorister innan regulj\u00e4ra styrkor hunnit fram.<\/p>\n<p>Den s\u00e5 kallade \u201dgiftmaskinen\u201d, koalitionens propagandaavdelning, d\u00e4r premi\u00e4rministerns son Yair Netanyahu spelar en framtr\u00e4dande roll, har gjort allt f\u00f6r att sv\u00e4rta ned Golan, vars nya parti \u00e4r en union mellan socialdemokratiska Mapai och liberala Meretz. Bland annat spreds ett rykte att Golans dotter myglat sig undan v\u00e4rnplikten. Sn\u00f6pligt nog visade det sig att Golan inte hade n\u00e5gon dotter, men v\u00e4l fyra s\u00f6ner, alla i stridande f\u00f6rband.<\/p>\n<p><strong>De m\u00e5nga lagf\u00f6rslagen<\/strong> h\u00e4nger ihop med den valkampanj som rycker allt n\u00e4rmare. Likuds lista till n\u00e4sta val utses av partiets prim\u00e4rv\u00e4ljare, som \u00f6verlag har mer extrema \u00e5sikter \u00e4n partiets politiker. Lagf\u00f6rslagen \u00e4r ett s\u00e4tt f\u00f6r politikerna att profilera sig inf\u00f6r prim\u00e4rvalet.<\/p>\n<p>\u00c4ven om dessa lagf\u00f6rslag antas, s\u00e5 betyder det inte att de vinner laga kraft. H\u00f6gsta domstolen, som regeringen hoppas f\u00f6rvandla till ett regeringsorgan, har fortfarande kvar sitt oberoende och har p\u00e5 sistone retat koalitionen genom att g\u00e5 emot dess beslut.<\/p>\n<p>H\u00e4romdagen ogiltigf\u00f6rklarade HD enh\u00e4lligt regeringens beslut att sparka sin egen juridiska r\u00e5dgivare, som ocks\u00e5 leder riks\u00e5klagar\u00e4mbetet. F\u00f6r regeringen skall kunna f\u00f6rverkliga hela sin vision om ett nytt styresskick, med bland annat full kontroll \u00f6ver domstolar, medier och l\u00e4roplaner, s\u00e5 m\u00e5ste den segra i n\u00e4sta \u00e5rs val.<\/p>\n","protected":false},"excerpt":{"rendered":"Detta \u00e4r en kommenterande text. Skribenten svarar f\u00f6r analys och st\u00e4llningstaganden i texten. Det mest radikala f\u00f6rslaget kommer&hellip;\n","protected":false},"author":2,"featured_media":109274,"comment_status":"","ping_status":"","sticky":false,"template":"","format":"standard","meta":{"footnotes":""},"categories":[14],"tags":[22,23,26,27,17,21,24,25,28,29,15,16,18,34,31,33,32,30,19,20,51,52,53,54],"class_list":{"0":"post-109273","1":"post","2":"type-post","3":"status-publish","4":"format-standard","5":"has-post-thumbnail","7":"category-varlden","8":"tag-breaking-news","9":"tag-breakingnews","10":"tag-featured-news","11":"tag-featurednews","12":"tag-headlines","13":"tag-huvudnyheter","14":"tag-latest-news","15":"tag-latestnews","16":"tag-main-news","17":"tag-mainnews","18":"tag-news","19":"tag-nyheter","20":"tag-rubriker","21":"tag-se","22":"tag-svenska","23":"tag-sverige","24":"tag-sweden","25":"tag-swedish","26":"tag-top-stories","27":"tag-topstories","28":"tag-varlden","29":"tag-world","30":"tag-world-news","31":"tag-worldnews"},"share_on_mastodon":{"url":"https:\/\/pubeurope.com\/@se\/115736457066059067","error":""},"_links":{"self":[{"href":"https:\/\/www.europesays.com\/se\/wp-json\/wp\/v2\/posts\/109273","targetHints":{"allow":["GET"]}}],"collection":[{"href":"https:\/\/www.europesays.com\/se\/wp-json\/wp\/v2\/posts"}],"about":[{"href":"https:\/\/www.europesays.com\/se\/wp-json\/wp\/v2\/types\/post"}],"author":[{"embeddable":true,"href":"https:\/\/www.europesays.com\/se\/wp-json\/wp\/v2\/users\/2"}],"replies":[{"embeddable":true,"href":"https:\/\/www.europesays.com\/se\/wp-json\/wp\/v2\/comments?post=109273"}],"version-history":[{"count":0,"href":"https:\/\/www.europesays.com\/se\/wp-json\/wp\/v2\/posts\/109273\/revisions"}],"wp:featuredmedia":[{"embeddable":true,"href":"https:\/\/www.europesays.com\/se\/wp-json\/wp\/v2\/media\/109274"}],"wp:attachment":[{"href":"https:\/\/www.europesays.com\/se\/wp-json\/wp\/v2\/media?parent=109273"}],"wp:term":[{"taxonomy":"category","embeddable":true,"href":"https:\/\/www.europesays.com\/se\/wp-json\/wp\/v2\/categories?post=109273"},{"taxonomy":"post_tag","embeddable":true,"href":"https:\/\/www.europesays.com\/se\/wp-json\/wp\/v2\/tags?post=109273"}],"curies":[{"name":"wp","href":"https:\/\/api.w.org\/{rel}","templated":true}]}}