{"id":109275,"date":"2025-12-17T19:03:37","date_gmt":"2025-12-17T19:03:37","guid":{"rendered":"https:\/\/www.europesays.com\/se\/109275\/"},"modified":"2025-12-17T19:03:37","modified_gmt":"2025-12-17T19:03:37","slug":"karl-hedins-ilska-efter-stoppade-vargjakten-lat-landet-svamma-over-av-varg","status":"publish","type":"post","link":"https:\/\/www.europesays.com\/se\/109275\/","title":{"rendered":"Karl Hedins ilska efter stoppade vargjakten: \u201dL\u00e5t landet sv\u00e4mma \u00f6ver av varg\u201d"},"content":{"rendered":"<p class=\"\">Licensjakten p\u00e5 varg 2026 skulle inledas den 2 januari med m\u00e5let att f\u00e4lla 48 vargar och f\u00e5 ner stammen fr\u00e5n officiella 300 individer till 170 i enlighet med regeringens direktiv. Men detta \u00f6verklagades av bland annat Naturskyddsf\u00f6reningen, Nordulv och Svenska Rovdjursf\u00f6reningen.<\/p>\n<p class=\"\">Nu har F\u00f6rvaltningsr\u00e4tten i Lule\u00e5 stoppat jakten utifr\u00e5n \u00f6verklagandena och menar att den inte \u00e4r f\u00f6renlig med EU:s art- och habitatdirektiv.<\/p>\n<p class=\"\">I domsk\u00e4len st\u00e5r bland annat:<\/p>\n<p class=\"\">\u201dDet huvudsakliga sk\u00e4let f\u00f6r upph\u00e4vandet \u00e4r att domstolen inte funnit att l\u00e4nsstyrelserna kunnat uppfylla sin bevisb\u00f6rda och visa att den planerade jakten inte skulle f\u00f6rsv\u00e5ra uppr\u00e4tth\u00e5llandet av en gynnsam bevarandestatus hos vargpopulationen\u201d.<\/p>\n<p>&#8221;Orsakar enorma kostnader&#8221;<\/p>\n<p class=\"\">J\u00e4garnas Riksf\u00f6rbund (JRF) kritiserar domstolens utslag, bland annat utifr\u00e5n ett kostnadsperspektiv. Enligt Rovdatabasen, som Naturv\u00e5rdsverket st\u00e5r bakom, d\u00f6dades 482 tamdjur av rovdjur 2024. Under perioden betalades ett statligt st\u00f6d om 11 miljoner ut f\u00f6r att finansiera \u00e5tg\u00e4rder som f\u00f6rebygger rovdjursangrepp.<\/p>\n<p class=\"\">\u2013 Den absoluta merparten av angreppen orsakas av varg, s\u00e4ger Jens Gustafsson, riksviltv\u00e5rdskonsulent p\u00e5 JRF.<\/p>\n<p class=\"\">Han till\u00e4gger:<\/p>\n<p class=\"\">\u2013 De synliga kostnaderna \u00e4r bara en br\u00e5kdel av de faktiska kostnaderna, som kan komma att \u00f6ka. Det stora \u00e4r inte utbetalningar efter angrepp och skydds\u00e5tg\u00e4rder. Att r\u00f6ja vid rovdjursst\u00e4ngdel, samla in kor som flytt, personligt lidande och s\u00f6mnl\u00f6shet med sjukskrivningar som f\u00f6ljd orsakar enorma kostnader. F\u00f6r att inte n\u00e4mna sjunkande priser p\u00e5 fastigheter och jaktarrenden.<\/p>\n<p class=\"\">\u2013 D\u00e4rtill kommer s\u00e5dant som att m\u00e4nniskor som vill bo p\u00e5 landsbygden med barn ger upp och flyttar till t\u00e4torter. Glesbygden avfolkas d\u00e4rmed \u00e4nnu mer och hagar och \u00e4ngar v\u00e4xer igen, vilket motverkar artrikedom, s\u00e4ger Jens Gustafsson.<\/p>\n<p class=\"\"><strong>Fakta<\/strong><\/p>\n<p class=\"\">\u00b7\u00a0 \tEU har klassificerat om vargen fr\u00e5n att vara strikt skyddad till jaktbar.<\/p>\n<p class=\"\">\u00b7\u00a0 \tL\u00e4nsstyrelserna i Dalarna, S\u00f6dermanland, V\u00e4stmanland, V\u00e4stra G\u00f6taland och \u00d6rebro l\u00e4n har beslutat att totalt 48 vargar f\u00e5r f\u00e4llas i januari och februari 2026.<\/p>\n<p class=\"\">\u00b7\u00a0 \tSamtidigt har regeringen s\u00e4nkt det s\u00e5 kallade referensv\u00e4rdet f\u00f6r en livskraftig stam fr\u00e5n 300 djur till 170, ett besked som vilar p\u00e5 forskning som inte tyder p\u00e5 vargens \u00f6verlevnad p\u00e5 sikt \u00e4r hotad.<\/p>\n<p class=\"\">\u00b7\u00a0 \tDetta har f\u00e5tt h\u00e4ftig kritik av delar av EU-kommissionen som anser att den svenska linjen \u00e4r ovetenskaplig och riskerar vargens \u00f6verlevnad p\u00e5 sikt.<\/p>\n<p>Hedin \u00e4r mycket kritisk <\/p>\n<p class=\"\">Karl Hedin som nyligen s\u00e5lde delar av sitt industriimperium, men har beh\u00e5llit ett stort skogsinnehav \u2013 och sitt intresse f\u00f6r natur och jakt \u00e4r starkt kritisk till domstolsutslaget. Han menar att kostnaderna och skadorna som vargen f\u00f6rorsakar inte lyfts tillr\u00e4ckligt mycket i debatten. F\u00f6r egen del ser han slutet f\u00f6r viltf\u00f6rvaltning och tamdjursh\u00e5llning.<\/p>\n<p class=\"\">\u2013 Det har varit roligt och intressant att t\u00e4nka till, r\u00e4kna och f\u00f6rs\u00f6ka lista ut hur r\u00e5djuren skulle bli fler och \u00e4lgstammen lagom stark. Nu \u00e4r det meningsl\u00f6st n\u00e4r n\u00e5gra vargfamiljer sveper \u00f6ver markerna och tar f\u00f6r sig. Vargfr\u00e5gan \u00e4r en konflikt mellan dem som skadas ekonomiskt och psykiskt och de som inte skadas men tycker att det \u00e4r kul med varg.<\/p>\n<p class=\"\">\u2013 Jag \u00e4r inne p\u00e5 att det enda som \u00e5terst\u00e5r \u00e4r att l\u00e5ta landet sv\u00e4mma \u00f6ver av varg. D\u00e5 kanske myndigheterna f\u00f6rst\u00e5r att skadorna inte \u00e4r n\u00e5got som kan nonchaleras. Jag tycker j\u00e4garna ska v\u00e4gra jaga varg tills vi f\u00e5r en f\u00f6rvaltning som lever upp till riksdags- och regeringsbeslut.<\/p>\n<p><img alt=\"Karl Hedin\" loading=\"lazy\" width=\"460\" height=\"818\" decoding=\"async\" data-nimg=\"1\" class=\"mx-auto block !my-0 w-full h-auto\" style=\"color:transparent;width:100%;height:auto\"   src=\"https:\/\/www.europesays.com\/se\/wp-content\/uploads\/2025\/12\/eJHS9vADR3NMyznR8Rd3WALbfv7kdmegSnoMdmtF.jpg\"\/>Foto: Madelene Linderstam<\/p>\n<p class=\"\">Karl Hedin n\u00e4mner att man p\u00e5 SLU Grims\u00f6 forskningsstation inf\u00f6r ett riksdagsbeslut 2013 fastslog att s\u00e5 f\u00e5 som 40 vargar i hela Skandinavien skulle uppr\u00e4tth\u00e5lla bevarandestatusen.<\/p>\n<p class=\"\">\u2013 Vi \u00e4r i en situation d\u00e5 det kanske f\u00f6ds cirka 300 vargar varje \u00e5r, som n\u00e5r vuxen \u00e5lder. Vart tar de v\u00e4gen? Jag vill p\u00e5st\u00e5 att vi har m\u00e5nga fler vargar \u00e4n vad l\u00e4nsstyrelserna anser. Regeringen sl\u00e5r fast en niv\u00e5, men myndigheterna och aktivister obstruerar och ser till att det blir n\u00e5got annat.<\/p>\n<p>&#8221;Domen \u00e4r v\u00e4lskriven&#8221;<\/p>\n<p class=\"\">Ocks\u00e5 regeringen \u00e4r negativ till domstolens utslag. Till <a class=\"null text-blue-link underline\" href=\"https:\/\/www.aftonbladet.se\/nyheter\/a\/zOLK3r\/tt-flash-forvaltningsratten-stoppar-vargjakt \" rel=\"nofollow noopener\" target=\"_blank\">Aftonbladet<\/a> s\u00e4ger landsbygdsminister Peter Kullgren att regeringens syn p\u00e5 saken inte \u00e4ndrats och att han inte tror att sista ordet i processen \u00e4r sagt.<\/p>\n<p class=\"\">Skulle beslutet st\u00e5 sig befarar Peter Kullgren att svensk matproduktion hotas.<\/p>\n<p class=\"\">\u2013 I f\u00f6rl\u00e4ngningen s\u00e5 p\u00e5verkar ju en f\u00f6r stor vargstam alla de som bor i omr\u00e5den eller f\u00f6rs\u00f6ker ha en livsmedelsproduktion i omr\u00e5den med mycket varg, s\u00e4ger han till tidningen. <\/p>\n<p class=\"\">Enligt Naturskyddsf\u00f6reningen finns det emellertid sk\u00e4l att tro att f\u00f6rvaltningsr\u00e4ttens dom kan st\u00e5 sig.<\/p>\n<p class=\"\">\u2013 Den kommer s\u00e4kert att \u00f6verklagas, men domen \u00e4r v\u00e4lskriven. Enligt forskningen \u00e4r 170 vargar f\u00f6r l\u00e5gt f\u00f6r gynnsam bevarandestatus. Jag hoppas att detta kan v\u00e4nda rovdjurspolitiken i Sverige, s\u00e4ger Oscar Alarik, chefsjurist p\u00e5 Naturskyddsf\u00f6reningen.<\/p>\n<p class=\"\">\u00c4ven han anser att det finns en ekonomisk aspekt i sammanhanget, men att det \u00e4r regeringens politik ang\u00e5ende en minskning fr\u00e5n 300 till 170 vargar som kostar pengar.<\/p>\n<p class=\"\">\u2013 Man vill att vargarna ska kontrolleras som om de levde i stora djurparker f\u00f6r att kunna klara genetiken med en s\u00e5 liten vargstam som m\u00f6jligt. F\u00f6r detta har regeringen \u00f6kat anslagen med \u00f6ver 300 miljoner kronor under tre \u00e5r, s\u00e4ger Oscar Alarik.\u00a0<\/p>\n","protected":false},"excerpt":{"rendered":"Licensjakten p\u00e5 varg 2026 skulle inledas den 2 januari med m\u00e5let att f\u00e4lla 48 vargar och f\u00e5 ner&hellip;\n","protected":false},"author":2,"featured_media":109276,"comment_status":"","ping_status":"","sticky":false,"template":"","format":"standard","meta":{"footnotes":""},"categories":[5],"tags":[22,23,26,27,17,21,24,25,28,29,15,16,18,34,31,33,32,30,19,20],"class_list":{"0":"post-109275","1":"post","2":"type-post","3":"status-publish","4":"format-standard","5":"has-post-thumbnail","7":"category-rubriker","8":"tag-breaking-news","9":"tag-breakingnews","10":"tag-featured-news","11":"tag-featurednews","12":"tag-headlines","13":"tag-huvudnyheter","14":"tag-latest-news","15":"tag-latestnews","16":"tag-main-news","17":"tag-mainnews","18":"tag-news","19":"tag-nyheter","20":"tag-rubriker","21":"tag-se","22":"tag-svenska","23":"tag-sverige","24":"tag-sweden","25":"tag-swedish","26":"tag-top-stories","27":"tag-topstories"},"share_on_mastodon":{"url":"https:\/\/pubeurope.com\/@se\/115736464966584200","error":""},"_links":{"self":[{"href":"https:\/\/www.europesays.com\/se\/wp-json\/wp\/v2\/posts\/109275","targetHints":{"allow":["GET"]}}],"collection":[{"href":"https:\/\/www.europesays.com\/se\/wp-json\/wp\/v2\/posts"}],"about":[{"href":"https:\/\/www.europesays.com\/se\/wp-json\/wp\/v2\/types\/post"}],"author":[{"embeddable":true,"href":"https:\/\/www.europesays.com\/se\/wp-json\/wp\/v2\/users\/2"}],"replies":[{"embeddable":true,"href":"https:\/\/www.europesays.com\/se\/wp-json\/wp\/v2\/comments?post=109275"}],"version-history":[{"count":0,"href":"https:\/\/www.europesays.com\/se\/wp-json\/wp\/v2\/posts\/109275\/revisions"}],"wp:featuredmedia":[{"embeddable":true,"href":"https:\/\/www.europesays.com\/se\/wp-json\/wp\/v2\/media\/109276"}],"wp:attachment":[{"href":"https:\/\/www.europesays.com\/se\/wp-json\/wp\/v2\/media?parent=109275"}],"wp:term":[{"taxonomy":"category","embeddable":true,"href":"https:\/\/www.europesays.com\/se\/wp-json\/wp\/v2\/categories?post=109275"},{"taxonomy":"post_tag","embeddable":true,"href":"https:\/\/www.europesays.com\/se\/wp-json\/wp\/v2\/tags?post=109275"}],"curies":[{"name":"wp","href":"https:\/\/api.w.org\/{rel}","templated":true}]}}