{"id":109279,"date":"2025-12-17T19:09:10","date_gmt":"2025-12-17T19:09:10","guid":{"rendered":"https:\/\/www.europesays.com\/se\/109279\/"},"modified":"2025-12-17T19:09:10","modified_gmt":"2025-12-17T19:09:10","slug":"manga-skadade-i-rysk-attack-mot-zaporizjzja-3","status":"publish","type":"post","link":"https:\/\/www.europesays.com\/se\/109279\/","title":{"rendered":"M\u00e5nga skadade i rysk attack mot Zaporizjzja"},"content":{"rendered":"<p>Svart r\u00f6k stiger upp fr\u00e5n byggnaden d\u00e4r brandm\u00e4n bek\u00e4mpar l\u00e5gor, rapporterar en av nyhetsbyr\u00e5n AFP:s reportrar i staden. Attacken intr\u00e4ffade vid lunchtid p\u00e5 onsdagen.<\/p>\n<p>\u201dRyssarna har avfyrat flygbomber som har f\u00f6rst\u00f6rt bost\u00e4der och skadat en infrastrukturanl\u00e4ggning och en utbildningsinstitution\u201d, meddelar Ivan Fedorov, chef f\u00f6r milit\u00e4rstyret i Zaporizjzja.<\/p>\n<p><strong>Han till\u00e4gger att<\/strong> fler offer kan finnas under rasmassorna.<\/p>\n<p>Parallellt uttrycker sig Rysslands president Vladimir Putin segervisst.<\/p>\n<p>\u2013 Den s\u00e4rskilda milit\u00e4roperationens m\u00e5l kommer med s\u00e4kerhet att uppn\u00e5s, s\u00e4ger Putin vid ett m\u00f6te p\u00e5 f\u00f6rsvarsdepartementet i Moskva d\u00e4r han anv\u00e4nder Kremls namn p\u00e5 Rysslands offensiv som snart p\u00e5g\u00e5tt i fyra \u00e5r.<\/p>\n<p><strong>Under h\u00f6sten har fr\u00e4mst<\/strong> USA lett intensiva f\u00f6rhandlingar f\u00f6r att f\u00e5 till ett fredsavtal mellan Ryssland och Ukraina. Den kanske viktigaste kn\u00e4ckfr\u00e5gan r\u00f6r territorier, d\u00e4r Moskva vill att Kiev ska avst\u00e5 hela Donbass (regionerna Donetsk och Luhansk, reds anm), inklusive omr\u00e5den som Ryssland inte intagit, f\u00f6r att skapa en demilitariserad \u201dfri ekonomisk zon\u201d.<\/p>\n<p>Putin s\u00e4ger att han f\u00f6redrar en diplomatisk l\u00f6sning men lovar inta omr\u00e5det milit\u00e4rt om \u201dfaktiska diskussioner\u201d uteblir.<\/p>\n<p>Senast har USA lovat Ukraina \u201dNatolika\u201d s\u00e4kerhetsgarantier.<\/p>\n<p><strong>Under morgondagen, torsdag,<\/strong> v\u00e4ntas samtidigt nya diskussioner om de ryska tillg\u00e5ngar som finns frysta p\u00e5 europeiska banker. EU vill anv\u00e4nda pengarna till ett l\u00e5n till Ukraina, men Belgien, som har merparten av pengarna, har varit skeptiskt p\u00e5 grund av oro f\u00f6r juridiska konsekvenser.<\/p>\n","protected":false},"excerpt":{"rendered":"Svart r\u00f6k stiger upp fr\u00e5n byggnaden d\u00e4r brandm\u00e4n bek\u00e4mpar l\u00e5gor, rapporterar en av nyhetsbyr\u00e5n AFP:s reportrar i staden.&hellip;\n","protected":false},"author":2,"featured_media":109280,"comment_status":"","ping_status":"","sticky":false,"template":"","format":"standard","meta":{"footnotes":""},"categories":[14],"tags":[22,23,26,27,17,21,24,25,28,29,15,16,18,34,31,33,32,30,19,20,51,52,53,54],"class_list":{"0":"post-109279","1":"post","2":"type-post","3":"status-publish","4":"format-standard","5":"has-post-thumbnail","7":"category-varlden","8":"tag-breaking-news","9":"tag-breakingnews","10":"tag-featured-news","11":"tag-featurednews","12":"tag-headlines","13":"tag-huvudnyheter","14":"tag-latest-news","15":"tag-latestnews","16":"tag-main-news","17":"tag-mainnews","18":"tag-news","19":"tag-nyheter","20":"tag-rubriker","21":"tag-se","22":"tag-svenska","23":"tag-sverige","24":"tag-sweden","25":"tag-swedish","26":"tag-top-stories","27":"tag-topstories","28":"tag-varlden","29":"tag-world","30":"tag-world-news","31":"tag-worldnews"},"share_on_mastodon":{"url":"https:\/\/pubeurope.com\/@se\/115736488465265513","error":""},"_links":{"self":[{"href":"https:\/\/www.europesays.com\/se\/wp-json\/wp\/v2\/posts\/109279","targetHints":{"allow":["GET"]}}],"collection":[{"href":"https:\/\/www.europesays.com\/se\/wp-json\/wp\/v2\/posts"}],"about":[{"href":"https:\/\/www.europesays.com\/se\/wp-json\/wp\/v2\/types\/post"}],"author":[{"embeddable":true,"href":"https:\/\/www.europesays.com\/se\/wp-json\/wp\/v2\/users\/2"}],"replies":[{"embeddable":true,"href":"https:\/\/www.europesays.com\/se\/wp-json\/wp\/v2\/comments?post=109279"}],"version-history":[{"count":0,"href":"https:\/\/www.europesays.com\/se\/wp-json\/wp\/v2\/posts\/109279\/revisions"}],"wp:featuredmedia":[{"embeddable":true,"href":"https:\/\/www.europesays.com\/se\/wp-json\/wp\/v2\/media\/109280"}],"wp:attachment":[{"href":"https:\/\/www.europesays.com\/se\/wp-json\/wp\/v2\/media?parent=109279"}],"wp:term":[{"taxonomy":"category","embeddable":true,"href":"https:\/\/www.europesays.com\/se\/wp-json\/wp\/v2\/categories?post=109279"},{"taxonomy":"post_tag","embeddable":true,"href":"https:\/\/www.europesays.com\/se\/wp-json\/wp\/v2\/tags?post=109279"}],"curies":[{"name":"wp","href":"https:\/\/api.w.org\/{rel}","templated":true}]}}