{"id":109289,"date":"2025-12-17T19:16:19","date_gmt":"2025-12-17T19:16:19","guid":{"rendered":"https:\/\/www.europesays.com\/se\/109289\/"},"modified":"2025-12-17T19:16:19","modified_gmt":"2025-12-17T19:16:19","slug":"hon-blir-ny-it-direktor-pa-green-cargo","status":"publish","type":"post","link":"https:\/\/www.europesays.com\/se\/109289\/","title":{"rendered":"Hon blir ny it-direkt\u00f6r p\u00e5 Green Cargo"},"content":{"rendered":"<p>Under de senaste 20 \u00e5ren har hon lett ett stort antal verksamhetskritiska systemf\u00f6r\u00e4ndringar, moderniseringar och transformationer.<\/p>\n<p>Ska leda Green Cargos it-organisation<\/p>\n<p>Som it-direkt\u00f6r p\u00e5 Green Cargo blir Lenas uppdrag att leda och utveckla it-organisationen, i n\u00e4ra samverkan med verksamheten. I ansvaret ing\u00e5r verksamhetsn\u00e4ra systemst\u00f6d, digital utveckling samt initiativ f\u00f6r att st\u00e4rka informationss\u00e4kerheten. Ett uttalat fokusomr\u00e5det \u00e4r att s\u00e4kerst\u00e4lla robusthet och tillf\u00f6rlitlighet i kritiska system.<\/p>\n<p>\u2013 Jag ser fram emot att tillsammans med teamet bidra till att Green Cargos it \u00e4r verksamhetsn\u00e4ra och v\u00e4rdeskapande. Med v\u00e4lfungerande\u00a0system skapar vi f\u00f6ruts\u00e4ttningarna f\u00f6r b\u00e5de v\u00e5ra kunders aff\u00e4rer och v\u00e5r egen operativa vardag, s\u00e4ger Lena Tollerz T\u00f6rn.<\/p>\n<p>Tar \u00f6ver efter Ingo Paas<\/p>\n<p>Lena Tollerz T\u00f6rn tilltr\u00e4der tj\u00e4nsten den 8 januari. Hon  ers\u00e4tter d\u00e5 <strong>Stefan von Pongracz <\/strong>som h\u00e5llit st\u00e4llningarna som interim-CIO sedan h\u00f6gprofilerade <strong>Ingo Paas <\/strong>slutade i november. Ingo Paas satte Green Cargos digitaliseringsresa p\u00e5 kartan med en m\u00e5lmedveten satsning, som gav honom titeln <a href=\"https:\/\/computersweden.se\/article\/1304333\/han-ar-arets-cio-2022-har-ar-alla-vinnare-vid-cio-awards.html\" rel=\"nofollow noopener\" target=\"_blank\">\u00e5rets CIO 2022<\/a> vid CIO Awards.<\/p>\n<p>F\u00f6r Lena Tollerz T\u00f6rn g\u00e4ller det att ta n\u00e4sta steg och fortsatt st\u00f6tta och utveckla verksamheten med it \u2013 i det dagliga arbetet och strategiskt p\u00e5 sikt.<\/p>\n<p>\npublicerad 17 december 2025<\/p>\n","protected":false},"excerpt":{"rendered":"Under de senaste 20 \u00e5ren har hon lett ett stort antal verksamhetskritiska systemf\u00f6r\u00e4ndringar, moderniseringar och transformationer. Ska leda&hellip;\n","protected":false},"author":2,"featured_media":109290,"comment_status":"","ping_status":"","sticky":false,"template":"","format":"standard","meta":{"footnotes":""},"categories":[65],"tags":[3018,72,12129,8463,70,71,715,3697,34,31,33,32,30],"class_list":{"0":"post-109289","1":"post","2":"type-post","3":"status-publish","4":"format-standard","5":"has-post-thumbnail","7":"category-ekonomi","8":"tag-cybersakerhet","9":"tag-business","10":"tag-cio","11":"tag-digitalisering","12":"tag-economy","13":"tag-ekonomi","14":"tag-it","15":"tag-professional","16":"tag-se","17":"tag-svenska","18":"tag-sverige","19":"tag-sweden","20":"tag-swedish"},"share_on_mastodon":{"url":"https:\/\/pubeurope.com\/@se\/115736516000814772","error":""},"_links":{"self":[{"href":"https:\/\/www.europesays.com\/se\/wp-json\/wp\/v2\/posts\/109289","targetHints":{"allow":["GET"]}}],"collection":[{"href":"https:\/\/www.europesays.com\/se\/wp-json\/wp\/v2\/posts"}],"about":[{"href":"https:\/\/www.europesays.com\/se\/wp-json\/wp\/v2\/types\/post"}],"author":[{"embeddable":true,"href":"https:\/\/www.europesays.com\/se\/wp-json\/wp\/v2\/users\/2"}],"replies":[{"embeddable":true,"href":"https:\/\/www.europesays.com\/se\/wp-json\/wp\/v2\/comments?post=109289"}],"version-history":[{"count":0,"href":"https:\/\/www.europesays.com\/se\/wp-json\/wp\/v2\/posts\/109289\/revisions"}],"wp:featuredmedia":[{"embeddable":true,"href":"https:\/\/www.europesays.com\/se\/wp-json\/wp\/v2\/media\/109290"}],"wp:attachment":[{"href":"https:\/\/www.europesays.com\/se\/wp-json\/wp\/v2\/media?parent=109289"}],"wp:term":[{"taxonomy":"category","embeddable":true,"href":"https:\/\/www.europesays.com\/se\/wp-json\/wp\/v2\/categories?post=109289"},{"taxonomy":"post_tag","embeddable":true,"href":"https:\/\/www.europesays.com\/se\/wp-json\/wp\/v2\/tags?post=109289"}],"curies":[{"name":"wp","href":"https:\/\/api.w.org\/{rel}","templated":true}]}}