{"id":109295,"date":"2025-12-17T19:19:21","date_gmt":"2025-12-17T19:19:21","guid":{"rendered":"https:\/\/www.europesays.com\/se\/109295\/"},"modified":"2025-12-17T19:19:21","modified_gmt":"2025-12-17T19:19:21","slug":"smhi-varnar-for-plotslig-ishalka-expressen-2","status":"publish","type":"post","link":"https:\/\/www.europesays.com\/se\/109295\/","title":{"rendered":"SMHI varnar f\u00f6r pl\u00f6tslig ishalka &#8211; Expressen"},"content":{"rendered":"<ol>\n<li><a href=\"https:\/\/news.google.com\/rss\/articles\/CBMilwFBVV95cUxNZWdXRmlQZERHZWh5SkhkSUFlT2xpSnBmYWk2WlJzeXcwTTF1QnZqWUNkNndncVhwcHM1ZXlLM1I4UnRuM3dWb3ExOHpoUVVPUEI5RW1sSzZFaEVCaUhnSlVIU0JOc2g2Qm96Y3hKTm5OSmtmZlcyb0N1QTJVWWkzakdYaGc1cnhGNDV0SldacC0zSzczZFJR?oc=5\" target=\"_blank\" rel=\"nofollow noopener\">SMHI varnar f\u00f6r pl\u00f6tslig ishalka<\/a>&nbsp;&nbsp;Expressen<\/li>\n<li><a href=\"https:\/\/news.google.com\/rss\/articles\/CBMikwFBVV95cUxNeWZEQmRoMmlPSzJIS1FBN1hhRF9IbGZIN3RiWW5Cd05aNmVnVkMxTy1BX0hNeUxLeWItelBBSlMwcmU3NWl2Tm8xTXBUWFBTUVc1OHZOQUNaZDBVOGpxQjJHM2lhODNXWHhzUUVXUnd0SnhubEx6dFk3TjVFeHdDcUl3SEU5aUJPeHRMU0NOeTVPU2c?oc=5\" target=\"_blank\" rel=\"nofollow noopener\">F\u00f6lj senaste nytt om halkan i V\u00e4sterbotten<\/a>&nbsp;&nbsp;SVT Nyheter<\/li>\n<li><a href=\"https:\/\/news.google.com\/rss\/articles\/CBMiigFBVV95cUxPeHQzU1dOalQxNTE0VHpkeHllWlNBREZTWUs1THYyZk5vd1VrQVhEaHBnTFo4bUY2djhaRXVmNEhjRVUwNzJRRHFlcXBFMy1WSkREc09FVXNvRTdIT2hzc3FqOW1xMEJhNkFSNms3cnZOaFd2VEYzYkVRc285TE1SWUJsYUVHSkpNRWc?oc=5\" target=\"_blank\" rel=\"nofollow noopener\">Varnar f\u00f6r blixthalka: \u201dStanna helst hemma\u201d<\/a>&nbsp;&nbsp;Aftonbladet<\/li>\n<li><a href=\"https:\/\/news.google.com\/rss\/articles\/CBMiogFBVV95cUxPbnRHUnpqRUlma2hZamlNcWZReHhpZzBjUGtLeE9zSzVKXzUtZndLWERUZTA3NVR0TEhCWnRVbl9ZcXBzTXZYZ2dWZzM2TlpBU3lfSU5WaDdXT3FjTGdnc0I2dDJaNmxfS19xMnA0T3lkWkZSY0xOeW0xMlNNRHpsTXVQMWZCd3RiUEJfSkIwNFd4eGJCWTRhMmQzLTA3U0QyQkE?oc=5\" target=\"_blank\" rel=\"nofollow noopener\">Blixthalkan lamsl\u00e5r V\u00e4sterbotten \u2013 30 bussar har st\u00e4llts in<\/a>&nbsp;&nbsp;Expressen<\/li>\n<li><a href=\"https:\/\/news.google.com\/rss\/articles\/CBMipgFBVV95cUxNbnB6cS1UNXctQmdKQzlJeEh2bEh5elNOTFJESWp6dUNqWWFVWm5PckdKNmFhT01xbjJnTjRhUXVOUnpRUmVFbWJnNVZkU0pWVHZfRk9ERjBCWjBoTGc4Y1RoQXBXU0RKMk1yMG9LeXdNMENGQzVQMEtYVVlTLTNQNWR1UG1fSzhvYWNVVzc1ckd0dVlTbnM0amdtcDc0aldpVHFGam9R?oc=5\" target=\"_blank\" rel=\"nofollow noopener\">JUST NU: Stor halkbek\u00e4mpning: \u201dAllt som vi har \u00e4r ute\u201d<\/a>&nbsp;&nbsp;Norran<\/li>\n<\/ol>\n","protected":false},"excerpt":{"rendered":"SMHI varnar f\u00f6r pl\u00f6tslig ishalka&nbsp;&nbsp;Expressen F\u00f6lj senaste nytt om halkan i V\u00e4sterbotten&nbsp;&nbsp;SVT Nyheter Varnar f\u00f6r blixthalka: \u201dStanna helst&hellip;\n","protected":false},"author":2,"featured_media":39,"comment_status":"","ping_status":"","sticky":false,"template":"","format":"standard","meta":{"footnotes":""},"categories":[5],"tags":[22,23,26,27,17,21,24,25,28,29,15,16,18,34,31,33,32,30,19,20],"class_list":{"0":"post-109295","1":"post","2":"type-post","3":"status-publish","4":"format-standard","5":"has-post-thumbnail","7":"category-rubriker","8":"tag-breaking-news","9":"tag-breakingnews","10":"tag-featured-news","11":"tag-featurednews","12":"tag-headlines","13":"tag-huvudnyheter","14":"tag-latest-news","15":"tag-latestnews","16":"tag-main-news","17":"tag-mainnews","18":"tag-news","19":"tag-nyheter","20":"tag-rubriker","21":"tag-se","22":"tag-svenska","23":"tag-sverige","24":"tag-sweden","25":"tag-swedish","26":"tag-top-stories","27":"tag-topstories"},"share_on_mastodon":{"url":"https:\/\/pubeurope.com\/@se\/115736527775748414","error":""},"_links":{"self":[{"href":"https:\/\/www.europesays.com\/se\/wp-json\/wp\/v2\/posts\/109295","targetHints":{"allow":["GET"]}}],"collection":[{"href":"https:\/\/www.europesays.com\/se\/wp-json\/wp\/v2\/posts"}],"about":[{"href":"https:\/\/www.europesays.com\/se\/wp-json\/wp\/v2\/types\/post"}],"author":[{"embeddable":true,"href":"https:\/\/www.europesays.com\/se\/wp-json\/wp\/v2\/users\/2"}],"replies":[{"embeddable":true,"href":"https:\/\/www.europesays.com\/se\/wp-json\/wp\/v2\/comments?post=109295"}],"version-history":[{"count":0,"href":"https:\/\/www.europesays.com\/se\/wp-json\/wp\/v2\/posts\/109295\/revisions"}],"wp:featuredmedia":[{"embeddable":true,"href":"https:\/\/www.europesays.com\/se\/wp-json\/wp\/v2\/media\/39"}],"wp:attachment":[{"href":"https:\/\/www.europesays.com\/se\/wp-json\/wp\/v2\/media?parent=109295"}],"wp:term":[{"taxonomy":"category","embeddable":true,"href":"https:\/\/www.europesays.com\/se\/wp-json\/wp\/v2\/categories?post=109295"},{"taxonomy":"post_tag","embeddable":true,"href":"https:\/\/www.europesays.com\/se\/wp-json\/wp\/v2\/tags?post=109295"}],"curies":[{"name":"wp","href":"https:\/\/api.w.org\/{rel}","templated":true}]}}