{"id":10930,"date":"2025-08-22T08:46:07","date_gmt":"2025-08-22T08:46:07","guid":{"rendered":"https:\/\/www.europesays.com\/se\/10930\/"},"modified":"2025-08-22T08:46:07","modified_gmt":"2025-08-22T08:46:07","slug":"valdsamt-upplopp-vid-match-i-sydamerika-300-gripna-fotboll","status":"publish","type":"post","link":"https:\/\/www.europesays.com\/se\/10930\/","title":{"rendered":"V\u00e5ldsamt upplopp vid match i Sydamerika \u2013 300 gripna | Fotboll"},"content":{"rendered":"<p>Publicerad 22 aug 2025 kl 10.16Uppdaterad kl 10.30<\/p>\n<p>Kastade toalettstolar, chockgranater och knivhuggna supportrar.<\/p>\n<p>300 personer har gripits och 19 tvingats till sjukhus efter \u00e5ttondelsfinalen i Copa Sudamericana.<\/p>\n<p>\u201dIngenting r\u00e4ttf\u00e4rdigar en lynchning\u201d, skriver Chiles president Gabriel Boric.<\/p>\n<p>Senaste sportklippen fr\u00e5n Expressen.<br \/>\nworkaroud<img   alt=\"\"\/> <\/p>\n<p>Foto: IMAGO \/ IMAGO\/FOTOBAIRES WWW.IMAGO-IMAGES.DE<\/p>\n<p>\u00d6ppna bild i helsk\u00e4rm<img loading=\"lazy\"   alt=\"\"\/> <\/p>\n<p>Foto: GUSTAVO GARELLO \/ AP TT NYHETSBYR\u00c5N<\/p>\n<p>\u00d6ppna bild i helsk\u00e4rm<img loading=\"lazy\"   alt=\"\"\/> <\/p>\n<p>Foto: IMAGO \/ IMAGO\/FOTOBAIRES WWW.IMAGO-IMAGES.DE<\/p>\n<p>\u00d6ppna bild i helsk\u00e4rm<\/p>\n<p>Enligt argentinsk polis, som <a href=\"https:\/\/www.espn.com\/soccer\/story\/_\/id\/46040766\/copa-sudamericana-independiente-universidad-de-chile\" rel=\"nofollow noopener\" target=\"_blank\">ESPN<\/a> h\u00e4nvisar till, ska allt ha b\u00f6rjat n\u00e4r bortasupportrarna b\u00f6rjade riva upp toalettstolar och kasta f\u00f6rem\u00e5l mot hemmasektionen.<\/p>\n<p>V\u00e5ldsamheterna ska sedan, enligt lokala medier, ha slutat med omkring 300 gripna chilenare. 19 personer ska vara inlagda p\u00e5 sjukhus.<\/p>\n<p>D\u00e4remellan utspelade sig rej\u00e4lt dramatiska scener p\u00e5 l\u00e4ktaren under Copa Sudamericana-m\u00f6tet mellan Universidad de Chile och det argentinska laget Independiente.<\/p>\n<p>Enligt <a href=\"https:\/\/www.bbc.com\/sport\/football\/articles\/cx2pvn966vno\" rel=\"nofollow noopener\" target=\"_blank\">BBC<\/a> ska bortasupportrarna, tillh\u00f6rande Universidad de Chile, ha kastat ner chockgranater, murstenar, toalettstolar och handfat ner mot den underliggande hemmasektionen.<\/p>\n<p>Bortasupportrarna tr\u00e4ngde sig sedan in p\u00e5 hemmasektionen, och attackerade argentinarna s\u00e5 att de tvingades fly.<\/p>\n<p>Minst tv\u00e5 personer har blivit knivhuggna, varav en av dem tvingats till operation.<\/p>\n<p><img loading=\"lazy\"   alt=\"\"\/> <\/p>\n<p>Foto: GUSTAVO GARELLO \/ AP TT NYHETSBYR\u00c5N<\/p>\n<p>\u00d6ppna bild i helsk\u00e4rm<img loading=\"lazy\"   alt=\"\"\/> <\/p>\n<p>Foto: ESTEBAN FELIX \/ AP TT NYHETSBYR\u00c5N<\/p>\n<p>\u00d6ppna bild i helsk\u00e4rm\u201dIngenting r\u00e4ttf\u00e4rdigar en lynchning\u201d<\/p>\n<p>Chiles president Gabriel Boric har f\u00f6rd\u00f6mt v\u00e5ldsamheterna p\u00e5 <a href=\"https:\/\/x.com\/GabrielBoric\/status\/1958378525079241177\" rel=\"nofollow\">sociala medier<\/a>.<\/p>\n<p>\u201dIngenting r\u00e4ttf\u00e4rdigar lynchning. Ingenting. Det som h\u00e4nde i Avellaneda mellan fansen till Independiente och Universidad de Chile \u00e4r fel p\u00e5 s\u00e5 m\u00e5nga s\u00e4tt, fr\u00e5n v\u00e5ldet bland supportrarna till den uppenbara ansvarsl\u00f6sheten i organisationen. R\u00e4ttvisan m\u00e5ste fastst\u00e4lla vilka som \u00e4r ansvariga\u201d, skriver han.<\/p>\n<p>Enligt BBC har Independientes president Nestor Grindetti pekat ut bortasupportrarna som skyldiga till upploppen.<\/p>\n<p>Det tycker Universidad de Chiles president, Michael Clark, \u00e4r fel.<\/p>\n<p>\u2013 Jag h\u00f6rde (Independientes) ord, och de f\u00f6rv\u00e5nar och g\u00f6r mig ledsen. Det \u00e4r inte r\u00e4tt tidpunkt att titta p\u00e5 vem som \u00e4r ansvarig. Det som h\u00e4nde i dag \u00e4r en tragedi, s\u00e4ger han.<\/p>\n<p>Matchen, som \u00e4r en \u00e5ttondelsfinal i Copa Sudamericana, har blivit uppskjuten tills vidare. Anledningen ska vara \u201dbristen p\u00e5 s\u00e4kerhetsgarantier fr\u00e5n den lokala klubben och de lokala s\u00e4kerhetsmyndigheterna\u201d.<\/p>\n<p>N\u00e4r matchen br\u00f6ts ledde Universidad de Chile dubbelm\u00f6tet med 2\u20131.<\/p>\n","protected":false},"excerpt":{"rendered":"Publicerad 22 aug 2025 kl 10.16Uppdaterad kl 10.30 Kastade toalettstolar, chockgranater och knivhuggna supportrar. 300 personer har gripits&hellip;\n","protected":false},"author":2,"featured_media":10931,"comment_status":"","ping_status":"","sticky":false,"template":"","format":"standard","meta":{"footnotes":""},"categories":[68],"tags":[34,129,111,110,31,33,32,30],"class_list":{"0":"post-10930","1":"post","2":"type-post","3":"status-publish","4":"format-standard","5":"has-post-thumbnail","7":"category-sport","8":"tag-se","9":"tag-sections-fotboll","10":"tag-sport","11":"tag-sports","12":"tag-svenska","13":"tag-sverige","14":"tag-sweden","15":"tag-swedish"},"share_on_mastodon":{"url":"","error":""},"_links":{"self":[{"href":"https:\/\/www.europesays.com\/se\/wp-json\/wp\/v2\/posts\/10930","targetHints":{"allow":["GET"]}}],"collection":[{"href":"https:\/\/www.europesays.com\/se\/wp-json\/wp\/v2\/posts"}],"about":[{"href":"https:\/\/www.europesays.com\/se\/wp-json\/wp\/v2\/types\/post"}],"author":[{"embeddable":true,"href":"https:\/\/www.europesays.com\/se\/wp-json\/wp\/v2\/users\/2"}],"replies":[{"embeddable":true,"href":"https:\/\/www.europesays.com\/se\/wp-json\/wp\/v2\/comments?post=10930"}],"version-history":[{"count":0,"href":"https:\/\/www.europesays.com\/se\/wp-json\/wp\/v2\/posts\/10930\/revisions"}],"wp:featuredmedia":[{"embeddable":true,"href":"https:\/\/www.europesays.com\/se\/wp-json\/wp\/v2\/media\/10931"}],"wp:attachment":[{"href":"https:\/\/www.europesays.com\/se\/wp-json\/wp\/v2\/media?parent=10930"}],"wp:term":[{"taxonomy":"category","embeddable":true,"href":"https:\/\/www.europesays.com\/se\/wp-json\/wp\/v2\/categories?post=10930"},{"taxonomy":"post_tag","embeddable":true,"href":"https:\/\/www.europesays.com\/se\/wp-json\/wp\/v2\/tags?post=10930"}],"curies":[{"name":"wp","href":"https:\/\/api.w.org\/{rel}","templated":true}]}}