{"id":109304,"date":"2025-12-17T19:28:19","date_gmt":"2025-12-17T19:28:19","guid":{"rendered":"https:\/\/www.europesays.com\/se\/109304\/"},"modified":"2025-12-17T19:28:19","modified_gmt":"2025-12-17T19:28:19","slug":"uppgifter-satts-in-direkt-om-putin-sager-nej-till-vapenvila","status":"publish","type":"post","link":"https:\/\/www.europesays.com\/se\/109304\/","title":{"rendered":"UPPGIFTER: S\u00e4tts in direkt \u2013 om Putin s\u00e4ger nej till vapenvila"},"content":{"rendered":"<p>\u201dKan bli allvarligt\u201d \u2013 ovanlig v\u00e4dervarning i Sverige<\/p>\n<p><strong>Ett ov\u00e4ntat v\u00e4derfenomen har drabbat Sverige. <\/strong><\/p>\n<p>Vintern har hittills varit ovanligt mild i stora delar av landet.<\/p>\n<p>I G\u00f6taland har temperaturerna kl\u00e4ttrat \u00f6ver 10-gradersstrecket vid flera tillf\u00e4llen i december. \u00a0<\/p>\n<p>\u2013 Det \u00e4r ovanligt varmt f\u00f6r den h\u00e4r tiden p\u00e5 \u00e5ret, \u00e4ven i s\u00f6dra Sverige. Det b\u00f6rjar n\u00e4rma sig v\u00e4rmerekord f\u00f6r december, s\u00e4ger SMHI:s meteorolog Max Schildt till DN.<\/p>\n<p><strong>Varningen: \u201dKan bli allvarligt\u201d <\/strong><\/p>\n<p>Schildt kopplar den milda vintern till den globala uppv\u00e4rmningen.<\/p>\n<p>\u2013 Det milda v\u00e4dret \u00e4r ett tydligt tecken p\u00e5 klimatf\u00f6r\u00e4ndringar, s\u00e4ger\u00a0han till tidningen.<\/p>\n<p>Christian\u00a0Pedersen, seniorforskare vid Norska institutet f\u00f6r bioekonomi (NIBIO), delar slutsatsen och varnar f\u00f6r att ih\u00e5llande varma vintrar kommer f\u00e5r konsekvenser f\u00f6r ekosystemet \u00f6ver tid.<\/p>\n<p>\u2013 Om arter som normalt vandrar s\u00f6derut v\u00e4ljer att stanna kvar och sedan \u00f6verraskas av iskyla, d\u00e5 kan det bli allvarligt. D\u00e5 \u00e4r det f\u00f6r sent att l\u00e4mna, och de kan f\u00e5 problem med b\u00e5de temperaturen och att hitta f\u00f6da i konkurrens med arter som \u00e4r anpassade till en vanlig vinter, s\u00e4ger han till Dagbladet.<\/p>\n<p>F\u00f6r v\u00e4xter och tr\u00e4d kan situationen bli \u00e4nnu allvarligare, varnar experten. \u00a0L\u00e4ngre perioder av v\u00e4rme kan locka v\u00e4xter ur sin dvala, vilket g\u00f6r att de b\u00f6rjar v\u00e4xa f\u00f6r tidigt och f\u00f6rbrukar den energi de beh\u00f6ver f\u00f6r v\u00e5ren.\u00a0<\/p>\n<p>\u2013 Om milt v\u00e4der f\u00f6ljs av pl\u00f6tslig kyla kan cellv\u00e4vnaden skadas, tr\u00e4d kan utveckla frostsprickor och r\u00f6tter blir mer exponerade, s\u00e4rskilt n\u00e4r det r\u00e5der brist p\u00e5 sn\u00f6, s\u00e4ger Pedersen.<\/p>\n<p>L\u00c4S MER: <a style=\"color: #0000ff;\" href=\"https:\/\/ekonomibladet.se\/tung-konkurs-i-bilbranschen\/\" rel=\"nofollow noopener\" target=\"_blank\">Tung konkurs i bilbranschen <\/a><\/p>\n<p><strong>\u201dRingverkningar\u201d<\/strong><\/p>\n<p>Naturexperten\u00a0Martin Eggen, verksam vid den ornitologiska f\u00f6reningen BirdLife, ber\u00e4ttar att sm\u00e5djur kan p\u00e5verkas extra h\u00e5rt av instabila vintrar.<\/p>\n<p>\u2013 Milt v\u00e4der f\u00f6ljt av kyla och isbildning p\u00e5 marken kan g\u00f6ra det sv\u00e5rt att f\u00e5 tag p\u00e5 f\u00f6da, b\u00e5de f\u00f6r f\u00e5glar och sm\u00e5gnagare, s\u00e4ger han till Dagbladet.<\/p>\n<p>Sm\u00e5djurens problem kan dessutom ge ringverkningar, varnar experten.<\/p>\n<p>\u2013 Sm\u00e5gnagare \u00e4r en viktig resurs i m\u00e5nga ekosystem, och n\u00e4r de har problem p\u00e5verkar det arter som \u00e4r beroende av dem, exempelvis ugglor och rovf\u00e5glar.<\/p>\n<p>L\u00c4S OCKS\u00c5: <a style=\"color: #0000ff;\" href=\"https:\/\/ekonomibladet.se\/michelle-obama-satter-ned-foten-till-skillnad-fran-vissa-andra\/\" rel=\"nofollow noopener\" target=\"_blank\">Michelle Obama s\u00e4tter ned foten: \u201cTill skillnad fr\u00e5n vissa andra\u2026\u201d\u00a0<\/a><\/p>\n<p>Foto: Nordseher<\/p>\n<p>Text: Redaktionen<\/p>\n","protected":false},"excerpt":{"rendered":"\u201dKan bli allvarligt\u201d \u2013 ovanlig v\u00e4dervarning i Sverige Ett ov\u00e4ntat v\u00e4derfenomen har drabbat Sverige. Vintern har hittills varit&hellip;\n","protected":false},"author":2,"featured_media":109305,"comment_status":"","ping_status":"","sticky":false,"template":"","format":"standard","meta":{"footnotes":""},"categories":[5],"tags":[22,23,26,27,17,21,24,25,28,29,15,16,18,34,31,33,32,30,19,20],"class_list":{"0":"post-109304","1":"post","2":"type-post","3":"status-publish","4":"format-standard","5":"has-post-thumbnail","7":"category-rubriker","8":"tag-breaking-news","9":"tag-breakingnews","10":"tag-featured-news","11":"tag-featurednews","12":"tag-headlines","13":"tag-huvudnyheter","14":"tag-latest-news","15":"tag-latestnews","16":"tag-main-news","17":"tag-mainnews","18":"tag-news","19":"tag-nyheter","20":"tag-rubriker","21":"tag-se","22":"tag-svenska","23":"tag-sverige","24":"tag-sweden","25":"tag-swedish","26":"tag-top-stories","27":"tag-topstories"},"share_on_mastodon":{"url":"https:\/\/pubeurope.com\/@se\/115736563055885661","error":""},"_links":{"self":[{"href":"https:\/\/www.europesays.com\/se\/wp-json\/wp\/v2\/posts\/109304","targetHints":{"allow":["GET"]}}],"collection":[{"href":"https:\/\/www.europesays.com\/se\/wp-json\/wp\/v2\/posts"}],"about":[{"href":"https:\/\/www.europesays.com\/se\/wp-json\/wp\/v2\/types\/post"}],"author":[{"embeddable":true,"href":"https:\/\/www.europesays.com\/se\/wp-json\/wp\/v2\/users\/2"}],"replies":[{"embeddable":true,"href":"https:\/\/www.europesays.com\/se\/wp-json\/wp\/v2\/comments?post=109304"}],"version-history":[{"count":0,"href":"https:\/\/www.europesays.com\/se\/wp-json\/wp\/v2\/posts\/109304\/revisions"}],"wp:featuredmedia":[{"embeddable":true,"href":"https:\/\/www.europesays.com\/se\/wp-json\/wp\/v2\/media\/109305"}],"wp:attachment":[{"href":"https:\/\/www.europesays.com\/se\/wp-json\/wp\/v2\/media?parent=109304"}],"wp:term":[{"taxonomy":"category","embeddable":true,"href":"https:\/\/www.europesays.com\/se\/wp-json\/wp\/v2\/categories?post=109304"},{"taxonomy":"post_tag","embeddable":true,"href":"https:\/\/www.europesays.com\/se\/wp-json\/wp\/v2\/tags?post=109304"}],"curies":[{"name":"wp","href":"https:\/\/api.w.org\/{rel}","templated":true}]}}