{"id":109311,"date":"2025-12-17T19:39:08","date_gmt":"2025-12-17T19:39:08","guid":{"rendered":"https:\/\/www.europesays.com\/se\/109311\/"},"modified":"2025-12-17T19:39:08","modified_gmt":"2025-12-17T19:39:08","slug":"nhl-har-dyker-peter-forsberg-och-henrik-lundqvist-upp","status":"publish","type":"post","link":"https:\/\/www.europesays.com\/se\/109311\/","title":{"rendered":"NHL \u2022 H\u00e4r dyker Peter Forsberg och Henrik Lundqvist upp"},"content":{"rendered":"<p>PremiumLOS ANGELES. Peter Forsberg, 52, spelade hockey igen f\u00f6rra helgen.<\/p>\n<p>I Colorado, av alla st\u00e4llen.<\/p>\n<p>Med nummer 21 p\u00e5 ryggen i sin gamla Avalanche-tr\u00f6ja.<\/p>\n<p>Och han gjorde ingen besviken.<\/p>\n<p>Foppa svarade f\u00f6r tv\u00e5 m\u00e5l.<\/p>\n<p>\u2013 Absolut ringrostig, men \u00e4nd\u00e5 okej, s\u00e4ger han till Expressen.<\/p>\n<p><img   alt=\"\"\/><\/p>\n<p>Peter Forsberg och Henrik Lundqvist.<\/p>\n<p>Foto: Tomas Eriks\u00e9n<\/p>\n<p>\u00d6ppna bild i helsk\u00e4rm<\/p>\n","protected":false},"excerpt":{"rendered":"PremiumLOS ANGELES. Peter Forsberg, 52, spelade hockey igen f\u00f6rra helgen. I Colorado, av alla st\u00e4llen. Med nummer 21&hellip;\n","protected":false},"author":2,"featured_media":109312,"comment_status":"","ping_status":"","sticky":false,"template":"","format":"standard","meta":{"footnotes":""},"categories":[68],"tags":[6991,421,1470,1467,103,34,255,111,110,31,33,32,30],"class_list":{"0":"post-109311","1":"post","2":"type-post","3":"status-publish","4":"format-standard","5":"has-post-thumbnail","7":"category-sport","8":"tag-newsstory-nhl-rapporten","9":"tag-organization-nhl","10":"tag-person-henrik-lundqvist","11":"tag-person-peter-forsberg","12":"tag-premium","13":"tag-se","14":"tag-sections-ishockey","15":"tag-sport","16":"tag-sports","17":"tag-svenska","18":"tag-sverige","19":"tag-sweden","20":"tag-swedish"},"share_on_mastodon":{"url":"https:\/\/pubeurope.com\/@se\/115736606358828390","error":""},"_links":{"self":[{"href":"https:\/\/www.europesays.com\/se\/wp-json\/wp\/v2\/posts\/109311","targetHints":{"allow":["GET"]}}],"collection":[{"href":"https:\/\/www.europesays.com\/se\/wp-json\/wp\/v2\/posts"}],"about":[{"href":"https:\/\/www.europesays.com\/se\/wp-json\/wp\/v2\/types\/post"}],"author":[{"embeddable":true,"href":"https:\/\/www.europesays.com\/se\/wp-json\/wp\/v2\/users\/2"}],"replies":[{"embeddable":true,"href":"https:\/\/www.europesays.com\/se\/wp-json\/wp\/v2\/comments?post=109311"}],"version-history":[{"count":0,"href":"https:\/\/www.europesays.com\/se\/wp-json\/wp\/v2\/posts\/109311\/revisions"}],"wp:featuredmedia":[{"embeddable":true,"href":"https:\/\/www.europesays.com\/se\/wp-json\/wp\/v2\/media\/109312"}],"wp:attachment":[{"href":"https:\/\/www.europesays.com\/se\/wp-json\/wp\/v2\/media?parent=109311"}],"wp:term":[{"taxonomy":"category","embeddable":true,"href":"https:\/\/www.europesays.com\/se\/wp-json\/wp\/v2\/categories?post=109311"},{"taxonomy":"post_tag","embeddable":true,"href":"https:\/\/www.europesays.com\/se\/wp-json\/wp\/v2\/tags?post=109311"}],"curies":[{"name":"wp","href":"https:\/\/api.w.org\/{rel}","templated":true}]}}