{"id":109313,"date":"2025-12-17T19:44:18","date_gmt":"2025-12-17T19:44:18","guid":{"rendered":"https:\/\/www.europesays.com\/se\/109313\/"},"modified":"2025-12-17T19:44:18","modified_gmt":"2025-12-17T19:44:18","slug":"dom-i-mal-om-egenmaktighet-med-barn-i-bland-annat-mellerud","status":"publish","type":"post","link":"https:\/\/www.europesays.com\/se\/109313\/","title":{"rendered":"Dom i m\u00e5l om egenm\u00e4ktighet med barn i bland annat Mellerud"},"content":{"rendered":"<p class=\"preamble mt-6 text-lg md:text-2xl\">&#13;<br \/>\n                        Hovr\u00e4tten f\u00f6r V\u00e4stra Sverige meddelar torsdag den 18 december kl. 11 dom i ett m\u00e5l d\u00e4r tv\u00e5 kvinnor och en man \u00e5talades f\u00f6r att ha undanh\u00e5llit elva barn fr\u00e5n myndigheterna i de tre kommunerna Karlstad, Alvesta och V\u00e4xj\u00f6.&#13;\n                    <\/p>\n<p>M\u00e5let i hovr\u00e4tten har enbart r\u00f6rt en av kvinnorna som frik\u00e4ndes helt av en oenig tingsr\u00e4tt. F\u00f6r de tv\u00e5 andra tilltalade \u00f6verklagades inte hovr\u00e4ttens dom.<\/p>\n<p>M\u00e5lnummer i Hovr\u00e4tten f\u00f6r V\u00e4stra Sverige: B 2039-25.<\/p>\n<p><a href=\"https:\/\/www.aklagare.se\/for-media\/pressmeddelanden\/2024\/december\/atal-for-egenmaktighet-med-barn-i-bland-annat-mellerud\/\" target=\"_blank\" rel=\"noopener nofollow\">Pressmeddelande i samband med \u00e5tal<\/a><\/p>\n<p>Kontakt<\/p>\n<p>Kammar\u00e5klagare Oscar Johansson \u00e4r tillg\u00e4nglig f\u00f6r media i morgon torsdag kl. 13.30\u201314.30 p\u00e5 010-562 68 67.<\/p>\n","protected":false},"excerpt":{"rendered":"&#13; Hovr\u00e4tten f\u00f6r V\u00e4stra Sverige meddelar torsdag den 18 december kl. 11 dom i ett m\u00e5l d\u00e4r tv\u00e5&hellip;\n","protected":false},"author":2,"featured_media":5946,"comment_status":"","ping_status":"","sticky":false,"template":"","format":"standard","meta":{"footnotes":""},"categories":[12],"tags":[980,979,22,23,26,27,17,21,24,25,28,29,15,16,18,34,31,33,32,30,19,20],"class_list":{"0":"post-109313","1":"post","2":"type-post","3":"status-publish","4":"format-standard","5":"has-post-thumbnail","7":"category-sverige","8":"tag-klagarmyndigheten","9":"tag-klagare","10":"tag-breaking-news","11":"tag-breakingnews","12":"tag-featured-news","13":"tag-featurednews","14":"tag-headlines","15":"tag-huvudnyheter","16":"tag-latest-news","17":"tag-latestnews","18":"tag-main-news","19":"tag-mainnews","20":"tag-news","21":"tag-nyheter","22":"tag-rubriker","23":"tag-se","24":"tag-svenska","25":"tag-sverige","26":"tag-sweden","27":"tag-swedish","28":"tag-top-stories","29":"tag-topstories"},"share_on_mastodon":{"url":"https:\/\/pubeurope.com\/@se\/115736626026677734","error":""},"_links":{"self":[{"href":"https:\/\/www.europesays.com\/se\/wp-json\/wp\/v2\/posts\/109313","targetHints":{"allow":["GET"]}}],"collection":[{"href":"https:\/\/www.europesays.com\/se\/wp-json\/wp\/v2\/posts"}],"about":[{"href":"https:\/\/www.europesays.com\/se\/wp-json\/wp\/v2\/types\/post"}],"author":[{"embeddable":true,"href":"https:\/\/www.europesays.com\/se\/wp-json\/wp\/v2\/users\/2"}],"replies":[{"embeddable":true,"href":"https:\/\/www.europesays.com\/se\/wp-json\/wp\/v2\/comments?post=109313"}],"version-history":[{"count":0,"href":"https:\/\/www.europesays.com\/se\/wp-json\/wp\/v2\/posts\/109313\/revisions"}],"wp:featuredmedia":[{"embeddable":true,"href":"https:\/\/www.europesays.com\/se\/wp-json\/wp\/v2\/media\/5946"}],"wp:attachment":[{"href":"https:\/\/www.europesays.com\/se\/wp-json\/wp\/v2\/media?parent=109313"}],"wp:term":[{"taxonomy":"category","embeddable":true,"href":"https:\/\/www.europesays.com\/se\/wp-json\/wp\/v2\/categories?post=109313"},{"taxonomy":"post_tag","embeddable":true,"href":"https:\/\/www.europesays.com\/se\/wp-json\/wp\/v2\/tags?post=109313"}],"curies":[{"name":"wp","href":"https:\/\/api.w.org\/{rel}","templated":true}]}}