{"id":109318,"date":"2025-12-17T19:52:34","date_gmt":"2025-12-17T19:52:34","guid":{"rendered":"https:\/\/www.europesays.com\/se\/109318\/"},"modified":"2025-12-17T19:52:34","modified_gmt":"2025-12-17T19:52:34","slug":"chock-och-forvaning-efter-misstankta-forgiftningarna-lakartidningen","status":"publish","type":"post","link":"https:\/\/www.europesays.com\/se\/109318\/","title":{"rendered":"Chock och f\u00f6rv\u00e5ning efter misst\u00e4nkta f\u00f6rgiftningarna \u2013 L\u00e4kartidningen"},"content":{"rendered":"<p>\t\t\t\t<img alt=\"\" class=\"MediaWrapper-content BodyImage-imageObject\" src=\"https:\/\/media.arto.se\/app\/uploads\/sites\/11\/2024\/09\/Ackisbarnsjukhuswebb.jpg?auto=format&amp;crop=faces&amp;facepad=10&amp;fit=crop&amp;q=50&amp;w=1060&amp;h=706\" data-lazy-load-target=\"content\" width=\"1060\" height=\"706\" loading=\"eager\" decoding=\"async\" fetchpriority=\"high\"\/><\/p>\n<p>\n\t\t\t\t\tAkademiska barnsjukhuset.<br \/>\n\t\t\t\t\t\t\tFoto: Helena Wrete\n\t\t\t\t\t\t\t\t\t<\/p>\n<p>Fyra anst\u00e4llda p\u00e5 samma avdelning p\u00e5 Akademiska barnsjukhuset i Uppsala insjuknade under h\u00f6sten med liknande symtom under arbetstid, och snart v\u00e4cktes misstankar om att kollegorna blivit f\u00f6rgiftade. Enligt medieuppgifter ska de drabbade ha haft\u00a0<a href=\"https:\/\/www.aftonbladet.se\/nyheter\/a\/W040Jd\/anstallda-pa-akademiska-sjukhuset-i-uppsala-misstankt-forgiftade\" rel=\"nofollow noopener\" target=\"_blank\">kritiskt l\u00e5ga kaliumv\u00e4rden<\/a>,\u00a0och en teori \u00e4r att en annan anst\u00e4lld p\u00e5 sjukhuset\u00a0<a href=\"https:\/\/www.expressen.se\/nyheter\/krim\/uppgifter-kvinnan-misstanks--ha-spetsat-energidrycker\/\" rel=\"nofollow noopener\" target=\"_blank\">spetsat energidrycker med l\u00e4kemedel<\/a>.<\/p>\n<p>I f\u00f6rra veckan h\u00e4ktades en kvinna misst\u00e4nkt f\u00f6r grov misshandel av fyra kollegor. Under m\u00e5ndagen sl\u00e4pptes hon dock p\u00e5 fri fot, eftersom tingsr\u00e4tten inte ans\u00e5g att bevisningen var tillr\u00e4ckligt stark f\u00f6r att hon skulle h\u00e5llas fortsatt h\u00e4ktad. Hon \u00e4r dock inte avskriven fr\u00e5n utredningen, och \u00e5klagaren hade f\u00f6re f\u00f6rhandlingen snarare uppfattningen att misstankarna st\u00e4rkts och att det hela skulle rubriceras som fyra fall av mordf\u00f6rs\u00f6k i st\u00e4llet.<\/p>\n<p>\n\t\tAnnons\t\t\t<\/p>\n<p>\t\t<a href=\"https:\/\/www.lakemedelsverket.se\/sv\/behandling-och-forskrivning\/behandlingsrekommendationer\/sok-behandlingsrekommendationer\/depression-angest-och-tvangssyndrom-behandlingsrekommendation?mtm_campaign=depression_angest_tvang&amp;mtm_source=lakartidningen\" data-ad-target=\"link\" class=\"Ad-content\" rel=\"sponsored nofollow noopener\" target=\"_blank\"><\/p>\n<p>\t\t\t\t<img alt=\"Annons\" class=\"MediaWrapper-content Ad-image\" src=\"https:\/\/media.arto.se\/app\/uploads\/sites\/11\/2025\/12\/12112956\/lv-lakartidningen-1404x720-119962-1.png?auto=format&amp;q=50&amp;w=468&amp;h=240\" data-lazy-load-target=\"content\" width=\"468\" height=\"240\" loading=\"lazy\" decoding=\"async\" fetchpriority=\"auto\"\/><\/p>\n<p>\t\t<\/a><\/p>\n<p>Ingen av de anst\u00e4llda p\u00e5 Akademiska som tros ha f\u00f6rgiftats tillh\u00f6r Upplands allm\u00e4nna l\u00e4karf\u00f6rening, uppger ordf\u00f6rande Anna-Karin Agvald f\u00f6r L\u00e4kartidningen. Hon upplever inte heller l\u00e4karna som s\u00e4rskilt oroliga efter det intr\u00e4ffade.<\/p>\n<p>\u2013 De har mest reagerat med chock och f\u00f6rv\u00e5ning. Det hela \u00e4r ju s\u00e5 absurt. Det har varit sv\u00e5rt f\u00f6r v\u00e5ra medlemmar att f\u00f6rst\u00e5 varf\u00f6r n\u00e5gon skulle vilja g\u00f6ra s\u00e5 h\u00e4r, och det tar nog bort en del av r\u00e4dslan \u00f6ver att sj\u00e4lv bli utsatt.\u00a0<\/p>\n<p>\t\t\t\t<img alt=\"\" class=\"MediaWrapper-content BodyImage-imageObject\" src=\"https:\/\/media.arto.se\/app\/uploads\/sites\/11\/2024\/07\/Anna-KarinAgvald-FotoPrivat.jpg?auto=format&amp;crop=faces&amp;facepad=10&amp;fit=crop&amp;q=50&amp;w=640&amp;h=426\" data-lazy-load-target=\"content\" width=\"640\" height=\"426\" loading=\"lazy\" decoding=\"async\" fetchpriority=\"auto\"\/><\/p>\n<p>\n\t\t\t\t\tAnna-Karin Agvald, ordf\u00f6rande i Upplands allm\u00e4nna l\u00e4karf\u00f6rening.<br \/>\n\t\t\t\t\t\t\tFoto: Privat\n\t\t\t\t\t\t\t\t\t<\/p>\n<p>\u2013 Det kanske har varit v\u00e4rre f\u00f6r V\u00e5rdf\u00f6rbundets medlemmar, d\u00e4r de verkligen har varit drabbade. V\u00e5ra medlemmar har mest st\u00e4llt sig undrande: \u00bbVad i helvete \u00e4r det som har h\u00e4nt och varf\u00f6r?\u00ab Man har ocks\u00e5 p\u00e5 ett typiskt l\u00e4karn\u00f6rdigt s\u00e4tt spekulerat kring vad det \u00e4r de drabbade har f\u00e5tt i sig, vilka l\u00e4kemedel eller substanser som skulle kunna ge en s\u00e5dan uttalad hypokalemi, s\u00e4ger hon.\u00a0<\/p>\n<p>\n\t\tAnnons\t\t\t<\/p>\n<p>\t\t<a href=\"https:\/\/lakartidningen.se\/lakartidningen-soker-reporter-med-fokus-pa-vetenskapsrapportering\/\" data-ad-target=\"link\" class=\"Ad-content\" rel=\"sponsored nofollow noopener\" target=\"_blank\"><\/p>\n<p>\t\t\t\t<img alt=\"Annons\" class=\"MediaWrapper-content Ad-image\" src=\"https:\/\/media.arto.se\/app\/uploads\/sites\/11\/2025\/12\/15163215\/banner-reporter-1404x720-1.jpg?auto=format&amp;q=50&amp;w=468&amp;h=240\" data-lazy-load-target=\"content\" width=\"468\" height=\"240\" loading=\"lazy\" decoding=\"async\" fetchpriority=\"auto\"\/><\/p>\n<p>\t\t<\/a><\/p>\n<p>Medlemmarna verkar \u00f6ver lag vara av uppfattningen att arbetsgivaren har reagerat snabbt och hanterat den speciella situationen s\u00e5 v\u00e4l man har kunnat.\u00a0<\/p>\n<p>\u2013 Sjukhuset ser ut att ha gjort vad som \u00e4r adekvat i det h\u00e4r l\u00e4get. Man har g\u00e5tt ut med s\u00e5 mycket information som man har kunnat f\u00f6r att de anst\u00e4llda ska kunna k\u00e4nna sig trygga och f\u00f6r att f\u00e5 bort en del spekulationer. Man \u00f6kade ocks\u00e5 n\u00e4rvaron av v\u00e4ktare p\u00e5 plats ganska direkt. V\u00e4ktare har g\u00e5tt f\u00f6rbi matsalen hela tiden s\u00e5 att ingen skulle kunna st\u00e5 och fiffla med n\u00e5got i kylsk\u00e5pen osedd. Eftersom man inte vetat vem som l\u00e5g bakom s\u00e5g man ocks\u00e5 till att inte obeh\u00f6riga skulle kunna komma in i lokalerna, s\u00e4ger Anna-Karin Agvald.<\/p>\n<p>Det \u00e4r \u00e4nnu om\u00f6jligt att s\u00e4ga om det g\u00e5r att f\u00f6rhindra liknande h\u00e4ndelser i framtiden, enligt Anna-Karin Agvald.\u00a0<\/p>\n<p>\u2013 \u00c4n s\u00e5 l\u00e4nge vet vi ju inte varf\u00f6r n\u00e5gon har gjort det h\u00e4r. Det m\u00e5ste man k\u00e4nna till innan man kan vidta n\u00e5gra f\u00f6rebyggande \u00e5tg\u00e4rder. M\u00f6jligen att man kan f\u00f6rs\u00f6ka se till att ha ett bra arbetsklimat, om man nu t\u00e4nker sig att n\u00e5gon fr\u00e5n insidan \u00e4r missn\u00f6jd av n\u00e5gon anledning.<\/p>\n<p>Den misst\u00e4nkta kvinnan nekar till brott.\u00a0<\/p>\n","protected":false},"excerpt":{"rendered":"Akademiska barnsjukhuset. Foto: Helena Wrete Fyra anst\u00e4llda p\u00e5 samma avdelning p\u00e5 Akademiska barnsjukhuset i Uppsala insjuknade under h\u00f6sten&hellip;\n","protected":false},"author":2,"featured_media":109319,"comment_status":"","ping_status":"","sticky":false,"template":"","format":"standard","meta":{"footnotes":""},"categories":[12],"tags":[22,23,26,27,17,21,24,25,28,29,15,16,18,34,31,33,32,30,19,20],"class_list":{"0":"post-109318","1":"post","2":"type-post","3":"status-publish","4":"format-standard","5":"has-post-thumbnail","7":"category-sverige","8":"tag-breaking-news","9":"tag-breakingnews","10":"tag-featured-news","11":"tag-featurednews","12":"tag-headlines","13":"tag-huvudnyheter","14":"tag-latest-news","15":"tag-latestnews","16":"tag-main-news","17":"tag-mainnews","18":"tag-news","19":"tag-nyheter","20":"tag-rubriker","21":"tag-se","22":"tag-svenska","23":"tag-sverige","24":"tag-sweden","25":"tag-swedish","26":"tag-top-stories","27":"tag-topstories"},"share_on_mastodon":{"url":"https:\/\/pubeurope.com\/@se\/115736657715909987","error":""},"_links":{"self":[{"href":"https:\/\/www.europesays.com\/se\/wp-json\/wp\/v2\/posts\/109318","targetHints":{"allow":["GET"]}}],"collection":[{"href":"https:\/\/www.europesays.com\/se\/wp-json\/wp\/v2\/posts"}],"about":[{"href":"https:\/\/www.europesays.com\/se\/wp-json\/wp\/v2\/types\/post"}],"author":[{"embeddable":true,"href":"https:\/\/www.europesays.com\/se\/wp-json\/wp\/v2\/users\/2"}],"replies":[{"embeddable":true,"href":"https:\/\/www.europesays.com\/se\/wp-json\/wp\/v2\/comments?post=109318"}],"version-history":[{"count":0,"href":"https:\/\/www.europesays.com\/se\/wp-json\/wp\/v2\/posts\/109318\/revisions"}],"wp:featuredmedia":[{"embeddable":true,"href":"https:\/\/www.europesays.com\/se\/wp-json\/wp\/v2\/media\/109319"}],"wp:attachment":[{"href":"https:\/\/www.europesays.com\/se\/wp-json\/wp\/v2\/media?parent=109318"}],"wp:term":[{"taxonomy":"category","embeddable":true,"href":"https:\/\/www.europesays.com\/se\/wp-json\/wp\/v2\/categories?post=109318"},{"taxonomy":"post_tag","embeddable":true,"href":"https:\/\/www.europesays.com\/se\/wp-json\/wp\/v2\/tags?post=109318"}],"curies":[{"name":"wp","href":"https:\/\/api.w.org\/{rel}","templated":true}]}}