{"id":109320,"date":"2025-12-17T19:53:23","date_gmt":"2025-12-17T19:53:23","guid":{"rendered":"https:\/\/www.europesays.com\/se\/109320\/"},"modified":"2025-12-17T19:53:23","modified_gmt":"2025-12-17T19:53:23","slug":"ledare-nu-har-tido-regeringen-klubbat-sin-socialbidragsslakt","status":"publish","type":"post","link":"https:\/\/www.europesays.com\/se\/109320\/","title":{"rendered":"Ledare: Nu har Tid\u00f6-regeringen klubbat sin socialbidragsslakt"},"content":{"rendered":"<p class=\"mb-4 mx-auto max-w-xl\"><strong>Aldrig har det v\u00e4l varit s\u00e5 surt att ha r\u00e4tt. Nu stoppar regeringen julklapps- och f\u00f6delsedagspengar till bidragshush\u00e5ll. De har det f\u00f6r bra helt enkelt. <\/strong><\/p>\n<p class=\"break-words mb-4 mx-auto max-w-xl\">I en ledartext i b\u00f6rjan av november uppm\u00e4rksammades den extra julg\u00e5va som barnfamiljer med f\u00f6rs\u00f6rjningsst\u00f6d f\u00e5tt av kommunen i flera \u00e5r: 500 kronor per barn \u00f6ver normen f\u00f6r att s\u00e4kra upp en god jul \u00e4ven i de ekonomiskt utsatta familjerna.<\/p>\n<p class=\"break-words mb-4 mx-auto max-w-xl\">\u201dMen sen \u00e4r det nog slut p\u00e5 den generositeten. Tid\u00f6-regeringen vill n\u00e4mligen g\u00f6ra det olagligt f\u00f6r kommuner att hj\u00e4lpa bidragstagare lite extra vid jul\u201d, konstaterade ledarsidan d\u00e5 och bed\u00f6mde att regeringen f\u00f6rmodligen ocks\u00e5 t\u00e4nkte s\u00e4tta stopp f\u00f6r den lilla slant med f\u00f6delsedagspengar till barnfamiljer med f\u00f6rs\u00f6rjningsst\u00f6d som m\u00e5nga kommuner betalar.<\/p>\n<p class=\"break-words mb-4 mx-auto max-w-xl\">Det, visar det sig, \u00e4r exakt vad de planerar. Nu kringsk\u00e4r regeringen det grundlagsskyddade kommunala sj\u00e4lvstyret.<\/p>\n<p class=\"break-words mb-4 mx-auto max-w-xl\">Sitter Tid\u00f6-regeringen kvar efter n\u00e4sta \u00e5rs val kommer de knappt 150 000 hush\u00e5ll som n\u00e5gon g\u00e5ng under ett \u00e5r ber\u00e4knas vara i behov av f\u00f6rs\u00f6rjningsst\u00f6d, kort d\u00e4refter \u00e5ka p\u00e5 en ekonomisk k\u00e4ftsm\u00e4ll. P\u00e5 tisdagen klubbar n\u00e4mligen regeringen flera beslut i sin bidragsreform. Beslut som sedan tr\u00e4der i kraft den 1 januari 2027.<\/p>\n<p class=\"break-words mb-4 mx-auto max-w-xl\">F\u00f6r sammanboende med tv\u00e5 barn skulle bidraget minska med 800 kronor i m\u00e5naden (i ett typfall). F\u00f6r sammanboende med fler barn \u00e4n s\u00e5 kan minskningen handla om m\u00e5nga tusenlappar.<\/p>\n<p class=\"break-words mb-4 mx-auto max-w-xl\">F\u00f6rs\u00f6rjningsst\u00f6det ska enligt Tid\u00f6-partiernas f\u00f6rslag n\u00e4mligen begr\u00e4nsas till vad det rasistg\u00e4nget menar \u00e4r en mer rimlig storlek p\u00e5 en familj. En mer \u201dsvensk\u201d storlek p\u00e5 familj, \u00e4ven om de inte s\u00e4ger det h\u00f6gt.<\/p>\n<p class=\"break-words mb-4 mx-auto max-w-xl\">Begr\u00e4nsningar i socialbidraget ska inf\u00f6ras fr\u00e5n och med det fj\u00e4rde barnet \u2013 och d\u00e5 \u00e4r det skit samma vad experterna r\u00e4knat fram \u00e4r det minimibelopp som kr\u00e4vs f\u00f6r att h\u00e5lla alla familjemedlemmar med mat, kl\u00e4der och andra livsn\u00f6dv\u00e4ndigheter.<\/p>\n<p class=\"break-words mb-4 mx-auto max-w-xl\">Allt jag \u00f6nskar mig i julklapp \u00e4r att regeringen f\u00e5r sparken n\u00e4sta \u00e5r.<\/p>\n<p><a class=\"in-article-link mb-4 mx-auto max-w-xl text-gray-900 hover:text-gray-900\/70 dark:text-gray-50 dark:hover:text-gray-50\/70\" href=\"https:\/\/www.vf.se\/2025\/11\/08\/sista-aret-med-julgava-till-barnfamiljer-med-forsorjningsstod-i-karlstad-sen-tanker-tido-forbjuda-e28bf\/\" rel=\"nofollow noopener\" target=\"_blank\">Sista \u00e5ret med julg\u00e5va till barnfamiljer med f\u00f6rs\u00f6rjningsst\u00f6d \u2013 sen f\u00f6rbjuder Tid\u00f6 det<\/a><\/p>\n","protected":false},"excerpt":{"rendered":"Aldrig har det v\u00e4l varit s\u00e5 surt att ha r\u00e4tt. Nu stoppar regeringen julklapps- och f\u00f6delsedagspengar till bidragshush\u00e5ll.&hellip;\n","protected":false},"author":2,"featured_media":109321,"comment_status":"","ping_status":"","sticky":false,"template":"","format":"standard","meta":{"footnotes":""},"categories":[5],"tags":[22,23,26,27,17,21,24,25,28,29,15,16,18,34,31,33,32,30,19,20],"class_list":{"0":"post-109320","1":"post","2":"type-post","3":"status-publish","4":"format-standard","5":"has-post-thumbnail","7":"category-rubriker","8":"tag-breaking-news","9":"tag-breakingnews","10":"tag-featured-news","11":"tag-featurednews","12":"tag-headlines","13":"tag-huvudnyheter","14":"tag-latest-news","15":"tag-latestnews","16":"tag-main-news","17":"tag-mainnews","18":"tag-news","19":"tag-nyheter","20":"tag-rubriker","21":"tag-se","22":"tag-svenska","23":"tag-sverige","24":"tag-sweden","25":"tag-swedish","26":"tag-top-stories","27":"tag-topstories"},"share_on_mastodon":{"url":"https:\/\/pubeurope.com\/@se\/115736661426539477","error":""},"_links":{"self":[{"href":"https:\/\/www.europesays.com\/se\/wp-json\/wp\/v2\/posts\/109320","targetHints":{"allow":["GET"]}}],"collection":[{"href":"https:\/\/www.europesays.com\/se\/wp-json\/wp\/v2\/posts"}],"about":[{"href":"https:\/\/www.europesays.com\/se\/wp-json\/wp\/v2\/types\/post"}],"author":[{"embeddable":true,"href":"https:\/\/www.europesays.com\/se\/wp-json\/wp\/v2\/users\/2"}],"replies":[{"embeddable":true,"href":"https:\/\/www.europesays.com\/se\/wp-json\/wp\/v2\/comments?post=109320"}],"version-history":[{"count":0,"href":"https:\/\/www.europesays.com\/se\/wp-json\/wp\/v2\/posts\/109320\/revisions"}],"wp:featuredmedia":[{"embeddable":true,"href":"https:\/\/www.europesays.com\/se\/wp-json\/wp\/v2\/media\/109321"}],"wp:attachment":[{"href":"https:\/\/www.europesays.com\/se\/wp-json\/wp\/v2\/media?parent=109320"}],"wp:term":[{"taxonomy":"category","embeddable":true,"href":"https:\/\/www.europesays.com\/se\/wp-json\/wp\/v2\/categories?post=109320"},{"taxonomy":"post_tag","embeddable":true,"href":"https:\/\/www.europesays.com\/se\/wp-json\/wp\/v2\/tags?post=109320"}],"curies":[{"name":"wp","href":"https:\/\/api.w.org\/{rel}","templated":true}]}}