{"id":109326,"date":"2025-12-17T20:28:08","date_gmt":"2025-12-17T20:28:08","guid":{"rendered":"https:\/\/www.europesays.com\/se\/109326\/"},"modified":"2025-12-17T20:28:08","modified_gmt":"2025-12-17T20:28:08","slug":"fallout-5-kommer-att-paverkas-av-handelserna-i-tv-serien","status":"publish","type":"post","link":"https:\/\/www.europesays.com\/se\/109326\/","title":{"rendered":"\u201cFallout 5\u201d kommer att p\u00e5verkas av h\u00e4ndelserna i tv-serien"},"content":{"rendered":"<p>Bethesdas chef Todd Howard bekr\u00e4ftar nu att \u201c<strong>Fallout 5<\/strong>\u201d kommer att p\u00e5verkas av Prime Videos popul\u00e4ra <a href=\"http:\/\/Bethesdas chef Todd Howard bekr\u00e4ftar nu att \u201cFallout 5\u201d kommer att p\u00e5verkas av Prime Videos popul\u00e4ra \u201cFallout\u201d-serie.\" rel=\"nofollow\">\u201cFallout\u201d-serie<\/a>.<\/p>\n<p>\u2013 Kort svar, ja, s\u00e4ger Todd Howard till <a href=\"https:\/\/www.bbc.com\/news\/articles\/cvgr488vlmmo\" rel=\"nofollow noopener\" target=\"_blank\">BBC<\/a>.<\/p>\n<p>\u2013 \u201dFallout 5 kommer att utspela sig i en v\u00e4rld d\u00e4r seriens ber\u00e4ttelser och h\u00e4ndelser har h\u00e4nt eller p\u00e5g\u00e5r. Vi tar det i beaktande.<\/p>\n<p>Med det sagt befinner sig \u201cFallout 5\u201d fortfarande tidigt i utvecklingen. Det kommer sl\u00e4ppas f\u00f6rst efter \u201c<a href=\"https:\/\/www.moviezine.se\/nyheter\/dagen-da-uppfoljaren-till-skyrim-slapps-ar-fortfarande-langt-borta\" rel=\"nofollow noopener\" target=\"_blank\">The Elder Scrolls VI<\/a>\u201d, som \u00e4nnu saknar releasedatum.<\/p>\n<p>Howard betonar dock att \u201dFallout\u201d just nu \u00e4r den franchise Bethesda satsar mest p\u00e5. Inte minst d\u00e5 tv-serien hj\u00e4lper till att locka nya fans som annars inte spelar spelen.<\/p>\n<p>Det senaste spelet i sci-fi-serien, \u201cFallout 76\u201d, har i samband med premi\u00e4ren av s\u00e4song 2 \u00e4ven f\u00e5tt inneh\u00e5ll inspirerat av serien. Bland annat karakt\u00e4ren The Ghoul, spelad av Walton Goggins.<\/p>\n<p>L\u00e4s ocks\u00e5: <a href=\"https:\/\/www.moviezine.se\/nyheter\/walton-goggins-berattar-om-fallout-scenen-som-fansen-kommer-alska\" title=\"Walton Goggins ber\u00e4ttar om \u201dFallout\u201d-scenen som fansen kommer \u00e4lska\" class=\"underline-custom !font-montserrat !font-bold !underline-offset-4 !decoration-4 !decoration-moviezine-green !text-md\" rel=\"nofollow noopener\" target=\"_blank\">Walton Goggins ber\u00e4ttar om \u201dFallout\u201d-scenen som fansen kommer \u00e4lska<\/a><\/p>\n<p>L\u00e4s ocks\u00e5: <a href=\"https:\/\/www.moviezine.se\/nyheter\/nar-slapps-nya-sasongen-av-fallout-i-sverige\" title=\"N\u00e4r sl\u00e4pps nya s\u00e4songen av \u201dFallout\u201d i Sverige?\" class=\"underline-custom !font-montserrat !font-bold !underline-offset-4 !decoration-4 !decoration-moviezine-green !text-md\" rel=\"nofollow noopener\" target=\"_blank\">N\u00e4r sl\u00e4pps nya s\u00e4songen av \u201dFallout\u201d i Sverige?<\/a><\/p>\n","protected":false},"excerpt":{"rendered":"Bethesdas chef Todd Howard bekr\u00e4ftar nu att \u201cFallout 5\u201d kommer att p\u00e5verkas av Prime Videos popul\u00e4ra \u201cFallout\u201d-serie. \u2013&hellip;\n","protected":false},"author":2,"featured_media":109327,"comment_status":"","ping_status":"","sticky":false,"template":"","format":"standard","meta":{"footnotes":""},"categories":[67],"tags":[2031,104,34,31,33,32,30,2012,105],"class_list":{"0":"post-109326","1":"post","2":"type-post","3":"status-publish","4":"format-standard","5":"has-post-thumbnail","7":"category-underhallning","8":"tag-amazon-prime-video","9":"tag-entertainment","10":"tag-se","11":"tag-svenska","12":"tag-sverige","13":"tag-sweden","14":"tag-swedish","15":"tag-tv-spel","16":"tag-underhallning"},"share_on_mastodon":{"url":"https:\/\/pubeurope.com\/@se\/115736799015544984","error":""},"_links":{"self":[{"href":"https:\/\/www.europesays.com\/se\/wp-json\/wp\/v2\/posts\/109326","targetHints":{"allow":["GET"]}}],"collection":[{"href":"https:\/\/www.europesays.com\/se\/wp-json\/wp\/v2\/posts"}],"about":[{"href":"https:\/\/www.europesays.com\/se\/wp-json\/wp\/v2\/types\/post"}],"author":[{"embeddable":true,"href":"https:\/\/www.europesays.com\/se\/wp-json\/wp\/v2\/users\/2"}],"replies":[{"embeddable":true,"href":"https:\/\/www.europesays.com\/se\/wp-json\/wp\/v2\/comments?post=109326"}],"version-history":[{"count":0,"href":"https:\/\/www.europesays.com\/se\/wp-json\/wp\/v2\/posts\/109326\/revisions"}],"wp:featuredmedia":[{"embeddable":true,"href":"https:\/\/www.europesays.com\/se\/wp-json\/wp\/v2\/media\/109327"}],"wp:attachment":[{"href":"https:\/\/www.europesays.com\/se\/wp-json\/wp\/v2\/media?parent=109326"}],"wp:term":[{"taxonomy":"category","embeddable":true,"href":"https:\/\/www.europesays.com\/se\/wp-json\/wp\/v2\/categories?post=109326"},{"taxonomy":"post_tag","embeddable":true,"href":"https:\/\/www.europesays.com\/se\/wp-json\/wp\/v2\/tags?post=109326"}],"curies":[{"name":"wp","href":"https:\/\/api.w.org\/{rel}","templated":true}]}}