{"id":109328,"date":"2025-12-17T20:31:09","date_gmt":"2025-12-17T20:31:09","guid":{"rendered":"https:\/\/www.europesays.com\/se\/109328\/"},"modified":"2025-12-17T20:31:09","modified_gmt":"2025-12-17T20:31:09","slug":"usa-och-ryssland-ska-halla-nya-samtal","status":"publish","type":"post","link":"https:\/\/www.europesays.com\/se\/109328\/","title":{"rendered":"USA och Ryssland ska h\u00e5lla nya samtal"},"content":{"rendered":"<p>USA och Ryssland ska h\u00e5lla nya fredsf\u00f6rhandlingar i Miami i helgen, uppger fyra k\u00e4llor f\u00f6r Politico.<\/p>\n<p>Den ryska delegationen uppges ledas av den statliga investeringsfondens chef Kirill Dmitrijev, medan det s\u00e4rskilda s\u00e4ndebudet Steve Witkoff och Trumps sv\u00e4rson Jared Kushner \u00e5terigen f\u00f6rhandlar f\u00f6r USA:s del.<\/p>\n<p>Enligt en av k\u00e4llorna ska USA samtala med Ukrainas nationella s\u00e4kerhetsr\u00e5dgivare Rustem Umerov innan m\u00f6tet med Ryssland.<\/p>\n<p>Omni \u00e4r politiskt obundna och oberoende. Vi str\u00e4var efter att ge fler perspektiv p\u00e5 nyheterna. Har du fr\u00e5gor eller synpunkter kring v\u00e5r rapportering? <a href=\"https:\/\/omni.se\/kallor-usa-och-ryssland-ska-halla-nya-samtal\/a\/mailto:redaktion@omni.se\" class=\"ArticleActions_contactLink__W2F1M\" rel=\"nofollow noopener\" target=\"_blank\">Kontakta redaktionen<\/a><\/p>\n","protected":false},"excerpt":{"rendered":"USA och Ryssland ska h\u00e5lla nya fredsf\u00f6rhandlingar i Miami i helgen, uppger fyra k\u00e4llor f\u00f6r Politico. Den ryska&hellip;\n","protected":false},"author":2,"featured_media":109329,"comment_status":"","ping_status":"","sticky":false,"template":"","format":"standard","meta":{"footnotes":""},"categories":[14],"tags":[22,23,267,26,27,17,21,10798,24,25,28,29,15,268,16,18,269,264,34,9122,31,33,32,30,19,20,263,74,51,52,53,54],"class_list":{"0":"post-109328","1":"post","2":"type-post","3":"status-publish","4":"format-standard","5":"has-post-thumbnail","7":"category-varlden","8":"tag-breaking-news","9":"tag-breakingnews","10":"tag-europa","11":"tag-featured-news","12":"tag-featurednews","13":"tag-headlines","14":"tag-huvudnyheter","15":"tag-jared-kushner","16":"tag-latest-news","17":"tag-latestnews","18":"tag-main-news","19":"tag-mainnews","20":"tag-news","21":"tag-nordamerika","22":"tag-nyheter","23":"tag-rubriker","24":"tag-ryska-invasionen","25":"tag-ryssland","26":"tag-se","27":"tag-steve-witkoff","28":"tag-svenska","29":"tag-sverige","30":"tag-sweden","31":"tag-swedish","32":"tag-top-stories","33":"tag-topstories","34":"tag-ukraina","35":"tag-usa","36":"tag-varlden","37":"tag-world","38":"tag-world-news","39":"tag-worldnews"},"share_on_mastodon":{"url":"https:\/\/pubeurope.com\/@se\/115736810839269755","error":""},"_links":{"self":[{"href":"https:\/\/www.europesays.com\/se\/wp-json\/wp\/v2\/posts\/109328","targetHints":{"allow":["GET"]}}],"collection":[{"href":"https:\/\/www.europesays.com\/se\/wp-json\/wp\/v2\/posts"}],"about":[{"href":"https:\/\/www.europesays.com\/se\/wp-json\/wp\/v2\/types\/post"}],"author":[{"embeddable":true,"href":"https:\/\/www.europesays.com\/se\/wp-json\/wp\/v2\/users\/2"}],"replies":[{"embeddable":true,"href":"https:\/\/www.europesays.com\/se\/wp-json\/wp\/v2\/comments?post=109328"}],"version-history":[{"count":0,"href":"https:\/\/www.europesays.com\/se\/wp-json\/wp\/v2\/posts\/109328\/revisions"}],"wp:featuredmedia":[{"embeddable":true,"href":"https:\/\/www.europesays.com\/se\/wp-json\/wp\/v2\/media\/109329"}],"wp:attachment":[{"href":"https:\/\/www.europesays.com\/se\/wp-json\/wp\/v2\/media?parent=109328"}],"wp:term":[{"taxonomy":"category","embeddable":true,"href":"https:\/\/www.europesays.com\/se\/wp-json\/wp\/v2\/categories?post=109328"},{"taxonomy":"post_tag","embeddable":true,"href":"https:\/\/www.europesays.com\/se\/wp-json\/wp\/v2\/tags?post=109328"}],"curies":[{"name":"wp","href":"https:\/\/api.w.org\/{rel}","templated":true}]}}