{"id":109330,"date":"2025-12-17T20:33:08","date_gmt":"2025-12-17T20:33:08","guid":{"rendered":"https:\/\/www.europesays.com\/se\/109330\/"},"modified":"2025-12-17T20:33:08","modified_gmt":"2025-12-17T20:33:08","slug":"striden-om-rysslands-frysta-tillgangar-hardnar-det-har-avgors-pa-torsdagens-toppmote-utrikes","status":"publish","type":"post","link":"https:\/\/www.europesays.com\/se\/109330\/","title":{"rendered":"Striden om Rysslands frysta tillg\u00e5ngar h\u00e5rdnar \u2013 det h\u00e4r avg\u00f6rs p\u00e5 torsdagens toppm\u00f6te | Utrikes"},"content":{"rendered":"<p class=\"aw-1gybjub aw-1p7kakr kEtdKx cEmitX yle__article__paragraph\"><strong class=\"aw-ak79eh KyCXm yle__article__strong\">BRYSSEL<\/strong> N\u00e4r EU:s stats- och regeringschefer samlas till toppm\u00f6te p\u00e5 torsdag st\u00e5r det ekonomiska st\u00f6det till Ukraina h\u00f6gst p\u00e5 dagordningen.<\/p>\n<p class=\"aw-1gybjub aw-1p7kakr kEtdKx cEmitX yle__article__paragraph\">I centrum f\u00f6r diskussionerna st\u00e5r de frysta ryska tillg\u00e5ngarna och fr\u00e5gan om huruvida de kan anv\u00e4ndas som s\u00e4kerhet f\u00f6r ett l\u00e5n till Ukraina, en fr\u00e5ga som \u00e4r sv\u00e5rl\u00f6st s\u00e5v\u00e4l politiskt som juridiskt.<\/p>\n<p class=\"aw-1gybjub aw-1p7kakr kEtdKx cEmitX yle__article__paragraph\">Medlemsl\u00e4ndernas EU-ambassad\u00f6rer har suttit i intensiva f\u00f6rhandlingar under de senaste veckorna i ett f\u00f6rs\u00f6k att enas om ett gemensamt europeiskt tillv\u00e4gag\u00e5ngss\u00e4tt.<\/p>\n<p class=\"aw-1gybjub aw-1p7kakr kEtdKx cEmitX yle__article__paragraph\">Men inf\u00f6r toppm\u00f6tet \u00e4r flera centrala fr\u00e5gor fortfarande ol\u00f6sta, vilket talar f\u00f6r l\u00e5nga och tuffa f\u00f6rhandlingar mellan EU-ledarna.<\/p>\n<p class=\"aw-1gybjub aw-1p7kakr kEtdKx cEmitX yle__article__paragraph\">F\u00f6r Ukraina \u00e4r EU:s beslut av h\u00f6gsta prioritet.<\/p>\n<p class=\"aw-1gybjub aw-1p7kakr kEtdKx cEmitX yle__article__paragraph\">Vi listar de viktigaste h\u00e5llpunkterna inf\u00f6r torsdagens EU-toppm\u00f6te.<\/p>\n<p>1. Varf\u00f6r st\u00e5r de frysta tillg\u00e5ngarna i centrum just nu?<\/p>\n<p class=\"aw-1gybjub aw-1p7kakr kEtdKx cEmitX yle__article__paragraph\">Utan st\u00f6d fr\u00e5n Europa och \u00f6vriga allierade hotas Ukraina av en kassakris p\u00e5 v\u00e5ren, med betydande inverkningar p\u00e5 landets ekonomi och f\u00f6ruts\u00e4ttningar att f\u00f6rsvara sig.<\/p>\n<p class=\"aw-1gybjub aw-1p7kakr kEtdKx cEmitX yle__article__paragraph\">EU-kommissionen har f\u00f6rbundit sig vid att trygga Ukrainas ekonomiska behov under de tv\u00e5 n\u00e4rmaste tv\u00e5 \u00e5ren, med \u00e5rliga bidrag p\u00e5 cirka 45 miljarder euro.<\/p>\n<p class=\"aw-1gybjub aw-1p7kakr kEtdKx cEmitX yle__article__paragraph\">F\u00f6r att finansiera st\u00f6det vill EU anv\u00e4nda den ryska centralbankens frysta tillg\u00e5ngar, sammanlagt \u00f6ver 200 miljarder euro.<\/p>\n<p class=\"aw-1gybjub aw-1p7kakr kEtdKx cEmitX yle__article__paragraph\">Id\u00e9n \u00e4r att tillg\u00e5ngarna skulle l\u00e5nas vidare till Ukraina, som endast skulle f\u00f6rpliktas att betala tillbaka pengarna om Ryssland ers\u00e4tter de skador anfallskriget f\u00f6rorsakat.<\/p>\n<p class=\"aw-1gybjub aw-1p7kakr kEtdKx cEmitX yle__article__paragraph\">Enligt EU-kommissionen \u00e4r anv\u00e4ndandet av de ryska tillg\u00e5ngarna det b\u00e4sta alternativet i ett l\u00e4ge d\u00e4r m\u00e5nga medlemsstater k\u00e4mpar med ekonomiska bekymmer och EU:s ekonomiska r\u00f6relseutrymme \u00e4r begr\u00e4nsat.<\/p>\n<p class=\"aw-1gybjub aw-1p7kakr kEtdKx cEmitX yle__article__paragraph\">Kommissionens ordf\u00f6rande <strong class=\"aw-ak79eh KyCXm yle__article__strong\">Ursula von der Leyen<\/strong> betonar att beslutet m\u00e5ste fattas omg\u00e5ende f\u00f6r att undvika att b\u00e5de Ukraina och EU:s trov\u00e4rdighet \u00e4ventyras.<\/p>\n<p class=\"aw-1gybjub aw-1p7kakr kEtdKx cEmitX yle__article__paragraph\">Alla medlemsl\u00e4nder \u00e4r \u00e4nd\u00e5 inte med p\u00e5 noterna.<\/p>\n<p>2. Vilka l\u00e4nder bromsar \u2013 och varf\u00f6r?<\/p>\n<p class=\"aw-1gybjub aw-1p7kakr kEtdKx cEmitX yle__article__paragraph\">Trots st\u00f6d fr\u00e5n flera EU-l\u00e4nder, bland annat Tyskland, spj\u00e4rnar Belgien emot ett EU-beslut om att utnyttja de frysta till\u00e5ngarna.<\/p>\n<p class=\"aw-1gybjub aw-1p7kakr kEtdKx cEmitX yle__article__paragraph\">Bakgrunden till oron \u00e4r att merparten av de frysta tillg\u00e5ngarna ligger i det belgiska finansinstitutet Euroclear, som kan drabbas av ryska repressalier om tillg\u00e5ngarna \u00f6verf\u00f6rs till Ukraina.<\/p>\n<p class=\"aw-1gybjub aw-1p7kakr kEtdKx cEmitX yle__article__paragraph\">Belgien kr\u00e4ver d\u00e4rf\u00f6r omfattande och obegr\u00e4nsade garantier fr\u00e5n \u00f6vriga medlemsl\u00e4nder f\u00f6r att gardera sig mot eventuella risker om Ryssland kr\u00e4ver tillbaka sina tillg\u00e5ngar.<\/p>\n<p class=\"aw-1gybjub aw-1p7kakr kEtdKx cEmitX yle__article__paragraph\">\u00c4ven Italien, Malta, Bulgarien och Tjeckien har uttryckt oro och lyft fram alternativ till den f\u00f6reslagna modellen.<\/p>\n<p class=\"aw-1gybjub aw-1p7kakr kEtdKx cEmitX yle__article__paragraph\">Diskussionen om garantiernas omfattning \u00e4r en av de avg\u00f6rande punkterna p\u00e5 toppm\u00f6tet.<\/p>\n<p>3. Vilka risker inneb\u00e4r f\u00f6rslaget?<\/p>\n<p class=\"aw-1gybjub aw-1p7kakr kEtdKx cEmitX yle__article__paragraph\">F\u00f6rslaget inneb\u00e4r b\u00e5de juridiska och ekonomiska risker, s\u00e4rskilt f\u00f6r Euroclear och Belgien. Kreditv\u00e4rderingsinstitutet Fitch varnar f\u00f6r att Euroclears kreditbetyg kan s\u00e4nkas om l\u00e5net genomf\u00f6rs utan tillr\u00e4ckliga garantier.<\/p>\n<p class=\"aw-1gybjub aw-1p7kakr kEtdKx cEmitX yle__article__paragraph\">Det finns ocks\u00e5 oro f\u00f6r ryska vederg\u00e4llnings\u00e5tg\u00e4rder, till exempel cyberattacker och ekonomiska sanktioner riktade mot EU-l\u00e4nder.<\/p>\n<p class=\"aw-1gybjub aw-1p7kakr kEtdKx cEmitX yle__article__paragraph\">Fr\u00e5gan \u00e4r politiskt k\u00e4nslig i Belgien. Enligt den belgiska tidningen Le Soir mots\u00e4tter sig en majoritet av befolkningen att de frysta ryska tillg\u00e5ngarna anv\u00e4nds f\u00f6r ett reparationsl\u00e5n.<\/p>\n<p class=\"aw-1gybjub aw-1p7kakr kEtdKx cEmitX yle__article__paragraph\">Italiens premi\u00e4rminister <strong class=\"aw-ak79eh KyCXm yle__article__strong\">Giorgia Meloni<\/strong> varnar f\u00f6r riskerna med att anv\u00e4nda frysta ryska tillg\u00e5ngar.<\/p>\n<p class=\"aw-1gybjub aw-1p7kakr kEtdKx cEmitX yle__article__paragraph\">Meloni pekar p\u00e5 m\u00f6jliga belastningar f\u00f6r medlemsl\u00e4ndernas budgetar samt p\u00e5 juridiska utmaningar och kallar fr\u00e5gan \u201dallt annat \u00e4n enkel\u201d.<\/p>\n<p>4. Varf\u00f6r \u00e4r beslutet s\u00e5 br\u00e5dskande?<\/p>\n<p class=\"aw-1gybjub aw-1p7kakr kEtdKx cEmitX yle__article__paragraph\">Situationen i Ukraina \u00e4r akut. Utan ny finansiering riskerar staten att st\u00e5 utan pengar inom n\u00e5gra m\u00e5nader, vilket skulle hota b\u00e5de den civila ekonomin och milit\u00e4ra kapaciteten.<\/p>\n<p class=\"aw-1gybjub aw-1p7kakr kEtdKx cEmitX yle__article__paragraph\">Rysslands president <strong class=\"aw-ak79eh KyCXm yle__article__strong\">Vladimir Putin<\/strong> har signalerat att Kreml avser att forts\u00e4tta kriget och uppn\u00e5 sina m\u00e5l i Ukraina, och att Moskva kommer att driva sina territoriella ambitioner vidare.<\/p>\n<p class=\"aw-1gybjub aw-1p7kakr kEtdKx cEmitX yle__article__paragraph\">Den fortsatta milit\u00e4ra pressen fr\u00e5n Ryssland \u00f6kar behovet av snabbt och m\u00e5lmedvetet st\u00f6d fr\u00e5n v\u00e4st.<\/p>\n<p class=\"aw-1gybjub aw-1p7kakr kEtdKx cEmitX yle__article__paragraph\">Samtidigt har USA intensifierat kraven p\u00e5 Europa att ta ett st\u00f6rre ekonomiskt ansvar f\u00f6r Ukrainas f\u00f6rsvar, vilket skapar ytterligare politisk press p\u00e5 EU:s medlemsl\u00e4nder.<\/p>\n<p class=\"aw-1gybjub aw-1p7kakr kEtdKx cEmitX yle__article__paragraph\">Ett misslyckande att n\u00e5 enighet skulle kunna undergr\u00e4va b\u00e5de Ukrainas milit\u00e4ra och ekonomiska st\u00e4llning och EU:s trov\u00e4rdighet som en enad akt\u00f6r p\u00e5 den internationella arenan.<\/p>\n<p class=\"aw-1gybjub aw-1p7kakr kEtdKx cEmitX yle__article__paragraph\">Toppm\u00f6tet blir d\u00e4rmed en avg\u00f6rande pr\u00f6vning f\u00f6r EU:s handlingskraft och sammanh\u00e5llning.<\/p>\n<p>5. Vad h\u00e4nder om man inte kommer \u00f6verens?<\/p>\n<p class=\"aw-1gybjub aw-1p7kakr kEtdKx cEmitX yle__article__paragraph\">Om EU-l\u00e4nderna inte lyckas enas om en l\u00f6sning riskerar Ukraina att st\u00e5 utan det n\u00f6dv\u00e4ndiga st\u00f6det, med allvarliga konsekvenser b\u00e5de p\u00e5 kort och l\u00e5ng sikt.<\/p>\n<p class=\"aw-1gybjub aw-1p7kakr kEtdKx cEmitX yle__article__paragraph\">Ukrainas f\u00f6rm\u00e5ga att f\u00f6rsvara sig och uppr\u00e4tth\u00e5lla grundl\u00e4ggande statliga funktioner skulle f\u00f6rs\u00e4mras avsev\u00e4rt.<\/p>\n<p class=\"aw-1gybjub aw-1p7kakr kEtdKx cEmitX yle__article__paragraph\">Belgien vill finansiera Ukrainast\u00f6det via gemensam uppl\u00e5ning med EU-budgeten som s\u00e4kerhet.<\/p>\n<p class=\"aw-1gybjub aw-1p7kakr kEtdKx cEmitX yle__article__paragraph\">Ett s\u00e5dant beslut kr\u00e4ver enh\u00e4llighet och riskerar d\u00e4rf\u00f6r att blockeras av Ungern som hittills har varit kritiskt till EU:s direkta st\u00f6d till Ukraina.<\/p>\n<p class=\"aw-1gybjub aw-1p7kakr kEtdKx cEmitX yle__article__paragraph\">Pressen p\u00e5 att n\u00e5 en \u00f6verenskommelse \u00e4r d\u00e4rf\u00f6r enorm. K\u00e4llor i Bryssel menar att m\u00f6tet inte kan avslutas utan n\u00e5gon form av finansieringsl\u00f6sning, \u00e4ven om det inneb\u00e4r f\u00f6rhandlingar in p\u00e5 helgen.<\/p>\n<p class=\"aw-1gybjub aw-1p7kakr kEtdKx cEmitX yle__article__paragraph\">Samtidigt spekuleras det om att ett nytt \u2013 och avg\u00f6rande \u2013 toppm\u00f6te kan bli n\u00f6dv\u00e4ndigt i januari om stats- och regeringscheferna inte lyckas enas vid toppm\u00f6tet.<\/p>\n","protected":false},"excerpt":{"rendered":"BRYSSEL N\u00e4r EU:s stats- och regeringschefer samlas till toppm\u00f6te p\u00e5 torsdag st\u00e5r det ekonomiska st\u00f6det till Ukraina h\u00f6gst&hellip;\n","protected":false},"author":2,"featured_media":109331,"comment_status":"","ping_status":"","sticky":false,"template":"","format":"standard","meta":{"footnotes":""},"categories":[5],"tags":[22,23,7040,71,11514,1680,26,27,684,17,21,1742,24,25,28,29,15,16,369,18,264,34,31,33,32,30,19,11887,20,237,261],"class_list":{"0":"post-109330","1":"post","2":"type-post","3":"status-publish","4":"format-standard","5":"has-post-thumbnail","7":"category-rubriker","8":"tag-breaking-news","9":"tag-breakingnews","10":"tag-bryssel","11":"tag-ekonomi","12":"tag-europeiska-radet","13":"tag-europeiska-unionen","14":"tag-featured-news","15":"tag-featurednews","16":"tag-finland","17":"tag-headlines","18":"tag-huvudnyheter","19":"tag-internationell-politik","20":"tag-latest-news","21":"tag-latestnews","22":"tag-main-news","23":"tag-mainnews","24":"tag-news","25":"tag-nyheter","26":"tag-politik","27":"tag-rubriker","28":"tag-ryssland","29":"tag-se","30":"tag-svenska","31":"tag-sverige","32":"tag-sweden","33":"tag-swedish","34":"tag-top-stories","35":"tag-toppmoten","36":"tag-topstories","37":"tag-utrikes","38":"tag-vladimir-putin"},"share_on_mastodon":{"url":"https:\/\/pubeurope.com\/@se\/115736818674259022","error":""},"_links":{"self":[{"href":"https:\/\/www.europesays.com\/se\/wp-json\/wp\/v2\/posts\/109330","targetHints":{"allow":["GET"]}}],"collection":[{"href":"https:\/\/www.europesays.com\/se\/wp-json\/wp\/v2\/posts"}],"about":[{"href":"https:\/\/www.europesays.com\/se\/wp-json\/wp\/v2\/types\/post"}],"author":[{"embeddable":true,"href":"https:\/\/www.europesays.com\/se\/wp-json\/wp\/v2\/users\/2"}],"replies":[{"embeddable":true,"href":"https:\/\/www.europesays.com\/se\/wp-json\/wp\/v2\/comments?post=109330"}],"version-history":[{"count":0,"href":"https:\/\/www.europesays.com\/se\/wp-json\/wp\/v2\/posts\/109330\/revisions"}],"wp:featuredmedia":[{"embeddable":true,"href":"https:\/\/www.europesays.com\/se\/wp-json\/wp\/v2\/media\/109331"}],"wp:attachment":[{"href":"https:\/\/www.europesays.com\/se\/wp-json\/wp\/v2\/media?parent=109330"}],"wp:term":[{"taxonomy":"category","embeddable":true,"href":"https:\/\/www.europesays.com\/se\/wp-json\/wp\/v2\/categories?post=109330"},{"taxonomy":"post_tag","embeddable":true,"href":"https:\/\/www.europesays.com\/se\/wp-json\/wp\/v2\/tags?post=109330"}],"curies":[{"name":"wp","href":"https:\/\/api.w.org\/{rel}","templated":true}]}}