{"id":109332,"date":"2025-12-17T20:35:08","date_gmt":"2025-12-17T20:35:08","guid":{"rendered":"https:\/\/www.europesays.com\/se\/109332\/"},"modified":"2025-12-17T20:35:08","modified_gmt":"2025-12-17T20:35:08","slug":"tillbaka-pa-vinnarsparet-savehof","status":"publish","type":"post","link":"https:\/\/www.europesays.com\/se\/109332\/","title":{"rendered":"Tillbaka p\u00e5 vinnarsp\u00e5ret &#8211; S\u00e4vehof"},"content":{"rendered":"<p><b>P\u00e5 onsdagskv\u00e4llen studsade IK S\u00e4vehof tillbaka fr\u00e5n f\u00f6rra veckans f\u00f6rlust mot Alings\u00e5s HK. Tv\u00e5 po\u00e4ng s\u00e4krades efter seger med 39\u201336 hemma mot HF Karlskrona.<br \/><\/b><b>\u2013 Vi stod f\u00f6r en riktigt bra laginsats i kv\u00e4ll. Det h\u00e4r var ett steg i r\u00e4tt riktning efter senaste matchen, konstaterade huvudtr\u00e4nare Linus Ekman.<\/b><\/p>\n<p>J\u00e4mf\u00f6rt med fredagens m\u00f6te med Alings\u00e5s var det helt andra takter fr\u00e5n S\u00e4vehof i onsdagens julklappsmatch i Partille Arena. Redan under den inledande tiominutersperioden hade laget jobbat sig upp i tv\u00e5m\u00e5lsledning vid ett par tillf\u00e4llen och runt tidsmarkeringen f\u00f6r halva den f\u00f6rsta halvleken kom ett f\u00f6rsta, lite mer ordentligt ryck som skulle h\u00e5lla i sig.<\/p>\n<p>I fredags gjorde S\u00e4vehof 20 m\u00e5l p\u00e5 hela matchen \u2013 den h\u00e4r g\u00e5ngen tog det enbart 27 minuter att n\u00e5 upp till samma antal. Birgir Steinn J\u00f3nsson prickade d\u00e5 in 20\u201316 och i halvtid ledde laget med 21\u201317. De tv\u00e5 f\u00f6rsta m\u00e5len efter pausen kom sedan fr\u00e5n David Sandberg och Isak Vedelsb\u00f6l, vilket \u00f6kade tryggheten \u00e4nnu mer.<br \/>\u2013 V\u00e4ldigt sk\u00f6nt att ha en stabil ledning i det skedet och vi k\u00e4nde att det kanske borde ha varit ytterligare n\u00e5got m\u00e5l. Det var en sk\u00f6n k\u00e4nsla f\u00f6r hela gruppen att vi f\u00f6rde spelet \u00e4ven i den andra halvleken, menade Linus Ekman.<\/p>\n<p>Som mest ledde S\u00e4vehof med sex bollar, men mot slutet minskade Karlskrona differensen s\u00e5 att det pendlade mellan tv\u00e5 och tre. \u00c4ven den situationen hanterades v\u00e4l av Ekmans spelare.<br \/>\u2013 Jag tycker \u00e4nd\u00e5 att vi hade ganska bra koll p\u00e5 dem. Vi visste om vad vi skulle g\u00f6ra och kom hela tiden till l\u00e4gen offensivt. Det var n\u00e5gra fril\u00e4gesr\u00e4ddningar ifr\u00e5n att det b\u00f6rjade rinna iv\u00e4g mer, men ist\u00e4llet blev det j\u00e4mnt.<\/p>\n<p>S\u00e4vehof h\u00f6ll undan hela v\u00e4gen, inte minst tack vare n\u00e5gra tunga avslut fr\u00e5n Sebastian Durlanu. Slutresultatet fastst\u00e4lldes till sist av Truls Gr\u00f6tta n\u00e4r han ordnade 39\u201336 med knappa minuten kvar att spela.<br \/>\u2013\u00a0Jag tycker att vi gjorde en riktigt bra match, b\u00e5de offensivt och defensivt, \u00e4ven om siffrorna defensivt kanske inte speglar det. Vi hade n\u00e5gra sm\u00e5 dippar som vi h\u00f6ll nere till kortare sekvenser och p\u00e5 m\u00e5nga plan gjorde vi en v\u00e4ldigt bra match. I kv\u00e4ll visade vi varf\u00f6r man ska komma och kolla p\u00e5 oss h\u00e4r i Partille Arena.<br \/>\u2013 Jag \u00e4r stolt \u00f6ver att vi klarade av att samla krafterna efter s\u00e5 m\u00e5nga matcher, tr\u00e4ningar och videogenomg\u00e5ngar som det har varit den h\u00e4r h\u00f6sten.<\/p>\n<p>Det h\u00e4r var sista matchen innan jul. Traditionsenligt v\u00e4ntar sedan annandagsmatch i Partille Arena d\u00e4r S\u00e4vehof denna s\u00e4song st\u00e4lls mot V\u00e4ster\u00e5sIrsta.<br \/>\u2013 Under torsdagen samlas vi f\u00f6r lite prehab, gym och \u00e5terh\u00e4mtning. Sedan har vi videogenomg\u00e5ng inf\u00f6r V\u00e4ster\u00e5s-matchen och d\u00e4refter en l\u00e4ttare tr\u00e4ning innan vi tar julledigt. Spelarna f\u00e5r s\u00e5klart egna tr\u00e4ningsprogram med b\u00e5de l\u00f6pning och gym innan vi samlas igen.<\/p>\n<p><b>IK S\u00e4vehof \u2013 HF Karlskrona 39\u201336 (21\u201317)<\/b><\/p>\n<p><b>IK S\u00e4vehofs m\u00e5lskyttar:<\/b> Sebastian Durlanu 6, Magnus Persson 5, David Sandberg 5, Truls Gr\u00f6tta 5, Leon Hal\u00e9n 4, Tom Poyet 4, Tobias Trommler 3, Isak Vedelsb\u00f6l 3, Malte Celander 2, Birgir Steinn J\u00f3nsson 1 och Jesper R\u00f6island 1.<\/p>\n<p><b>HF Karlskronas m\u00e5lskyttar: <\/b>Isak Larsson 10, Arn\u00f3r Vidarsson 7, Noah Martinsson 5, Albin Stenberg 4, Emil Hansson 4, Hugo Sivertsson 2, Trondur Mikkelsen 1, Karl J\u00f6nsson 1, Jonathan Andersson 1 och Tobias Nordahl 1.<\/p>\n<p><strong>\u2013 Erik Malmqvist<\/strong><\/p>\n","protected":false},"excerpt":{"rendered":"P\u00e5 onsdagskv\u00e4llen studsade IK S\u00e4vehof tillbaka fr\u00e5n f\u00f6rra veckans f\u00f6rlust mot Alings\u00e5s HK. Tv\u00e5 po\u00e4ng s\u00e4krades efter seger&hellip;\n","protected":false},"author":2,"featured_media":109333,"comment_status":"","ping_status":"","sticky":false,"template":"","format":"standard","meta":{"footnotes":""},"categories":[68],"tags":[12130,12131,12132,2848,34,12133,111,110,31,33,32,30,12134],"class_list":{"0":"post-109332","1":"post","2":"type-post","3":"status-publish","4":"format-standard","5":"has-post-thumbnail","7":"category-sport","8":"tag-birgir-steinn-jonsson","9":"tag-david-sandberg","10":"tag-isak-vedelsbol","11":"tag-linus-ekman","12":"tag-se","13":"tag-sebastian-durlanu","14":"tag-sport","15":"tag-sports","16":"tag-svenska","17":"tag-sverige","18":"tag-sweden","19":"tag-swedish","20":"tag-truls-grotta"},"share_on_mastodon":{"url":"https:\/\/pubeurope.com\/@se\/115736826694362666","error":""},"_links":{"self":[{"href":"https:\/\/www.europesays.com\/se\/wp-json\/wp\/v2\/posts\/109332","targetHints":{"allow":["GET"]}}],"collection":[{"href":"https:\/\/www.europesays.com\/se\/wp-json\/wp\/v2\/posts"}],"about":[{"href":"https:\/\/www.europesays.com\/se\/wp-json\/wp\/v2\/types\/post"}],"author":[{"embeddable":true,"href":"https:\/\/www.europesays.com\/se\/wp-json\/wp\/v2\/users\/2"}],"replies":[{"embeddable":true,"href":"https:\/\/www.europesays.com\/se\/wp-json\/wp\/v2\/comments?post=109332"}],"version-history":[{"count":0,"href":"https:\/\/www.europesays.com\/se\/wp-json\/wp\/v2\/posts\/109332\/revisions"}],"wp:featuredmedia":[{"embeddable":true,"href":"https:\/\/www.europesays.com\/se\/wp-json\/wp\/v2\/media\/109333"}],"wp:attachment":[{"href":"https:\/\/www.europesays.com\/se\/wp-json\/wp\/v2\/media?parent=109332"}],"wp:term":[{"taxonomy":"category","embeddable":true,"href":"https:\/\/www.europesays.com\/se\/wp-json\/wp\/v2\/categories?post=109332"},{"taxonomy":"post_tag","embeddable":true,"href":"https:\/\/www.europesays.com\/se\/wp-json\/wp\/v2\/tags?post=109332"}],"curies":[{"name":"wp","href":"https:\/\/api.w.org\/{rel}","templated":true}]}}