{"id":10934,"date":"2025-08-22T08:49:06","date_gmt":"2025-08-22T08:49:06","guid":{"rendered":"https:\/\/www.europesays.com\/se\/10934\/"},"modified":"2025-08-22T08:49:06","modified_gmt":"2025-08-22T08:49:06","slug":"ostersund-finalist-till-titeln-sveriges-basta-handelskommun","status":"publish","type":"post","link":"https:\/\/www.europesays.com\/se\/10934\/","title":{"rendered":"\u00d6stersund finalist till titeln Sveriges b\u00e4sta handelskommun"},"content":{"rendered":"<p class=\"normal\">\u2013 Det \u00e4r ett fantastiskt kvitto p\u00e5 den starka samverkan vi har mellan kommunen, v\u00e5ra handlare och fastighets\u00e4gare. Tillsammans har vi skapat en attraktiv handelsstad som lockar b\u00e5de inv\u00e5nare och bes\u00f6kare, s\u00e4ger Fredric Kilander, n\u00e4ringslivschef p\u00e5 \u00d6stersunds kommun.<\/p>\n<p>S\u00e5 h\u00e4r g\u00e5r t\u00e4vlingen till<\/p>\n<p class=\"normal\">Svensk handel granskar alla Sveriges kommuner. Statistik om f\u00f6rs\u00e4ljning, antal butiker, syssels\u00e4ttning och f\u00f6retagsklimat har v\u00e4gts samman. D\u00e4refter har tio kommuner analyserats mer p\u00e5 djupet \u2013 och d\u00e5 blev \u00d6stersund en av tre finalister.<\/p>\n<p>Vinnaren utses i oktober<\/p>\n<p class=\"normal\">Den 1 oktober, under Nordic Retail Summit, presenteras vinnaren. Oavsett utg\u00e5ngen \u00e4r finalplatsen ett finns bevis p\u00e5 att arbetet f\u00f6r en stark och h\u00e5llbar handel i \u00d6stersund ger resultat \u2013 och att vi tillsammans g\u00f6r v\u00e5r stad till et plats d\u00e4r b\u00e5de inv\u00e5nare och bes\u00f6kare trivs att handla och m\u00f6tas.<\/p>\n<p class=\"normal\"><a href=\"https:\/\/www.svenskhandel.se\/arets-handelskommun\/sa-gar-det-till\" rel=\"nofollow noopener\" target=\"_blank\">S\u00e5 g\u00e5r det till &#8211; Svensk Handel<\/a><\/p>\n","protected":false},"excerpt":{"rendered":"\u2013 Det \u00e4r ett fantastiskt kvitto p\u00e5 den starka samverkan vi har mellan kommunen, v\u00e5ra handlare och fastighets\u00e4gare.&hellip;\n","protected":false},"author":2,"featured_media":10935,"comment_status":"","ping_status":"","sticky":false,"template":"","format":"standard","meta":{"footnotes":""},"categories":[65],"tags":[72,1526,70,71,1523,1525,34,1524,31,33,32,30],"class_list":{"0":"post-10934","1":"post","2":"type-post","3":"status-publish","4":"format-standard","5":"has-post-thumbnail","7":"category-ekonomi","8":"tag-business","9":"tag-butiker","10":"tag-economy","11":"tag-ekonomi","12":"tag-handel","13":"tag-handlare","14":"tag-se","15":"tag-svensk-handel","16":"tag-svenska","17":"tag-sverige","18":"tag-sweden","19":"tag-swedish"},"share_on_mastodon":{"url":"","error":""},"_links":{"self":[{"href":"https:\/\/www.europesays.com\/se\/wp-json\/wp\/v2\/posts\/10934","targetHints":{"allow":["GET"]}}],"collection":[{"href":"https:\/\/www.europesays.com\/se\/wp-json\/wp\/v2\/posts"}],"about":[{"href":"https:\/\/www.europesays.com\/se\/wp-json\/wp\/v2\/types\/post"}],"author":[{"embeddable":true,"href":"https:\/\/www.europesays.com\/se\/wp-json\/wp\/v2\/users\/2"}],"replies":[{"embeddable":true,"href":"https:\/\/www.europesays.com\/se\/wp-json\/wp\/v2\/comments?post=10934"}],"version-history":[{"count":0,"href":"https:\/\/www.europesays.com\/se\/wp-json\/wp\/v2\/posts\/10934\/revisions"}],"wp:featuredmedia":[{"embeddable":true,"href":"https:\/\/www.europesays.com\/se\/wp-json\/wp\/v2\/media\/10935"}],"wp:attachment":[{"href":"https:\/\/www.europesays.com\/se\/wp-json\/wp\/v2\/media?parent=10934"}],"wp:term":[{"taxonomy":"category","embeddable":true,"href":"https:\/\/www.europesays.com\/se\/wp-json\/wp\/v2\/categories?post=10934"},{"taxonomy":"post_tag","embeddable":true,"href":"https:\/\/www.europesays.com\/se\/wp-json\/wp\/v2\/tags?post=10934"}],"curies":[{"name":"wp","href":"https:\/\/api.w.org\/{rel}","templated":true}]}}