{"id":109346,"date":"2025-12-17T20:48:08","date_gmt":"2025-12-17T20:48:08","guid":{"rendered":"https:\/\/www.europesays.com\/se\/109346\/"},"modified":"2025-12-17T20:48:08","modified_gmt":"2025-12-17T20:48:08","slug":"svensk-i-70-arsalderndod-i-filippinskt-hakte-varlden","status":"publish","type":"post","link":"https:\/\/www.europesays.com\/se\/109346\/","title":{"rendered":"Svensk i 70-\u00e5rs\u00e5ldern\nd\u00f6d i filippinskt h\u00e4kte | V\u00e4rlden"},"content":{"rendered":"<p>Publicerad 17 dec 2025 kl 18.47Uppdaterad kl 21.40<\/p>\n<p>En svensk kvinna i 70-\u00e5rs\u00e5ldern har d\u00f6tt i filippinskt h\u00e4kte.\u00a0<\/p>\n<p>Kvinnan var anklagad f\u00f6r att ha f\u00f6rs\u00f6kt smuggla sex kilo metamfetamin och riskerade livstids f\u00e4ngelse.\u00a0<\/p>\n<p><img   alt=\"\"\/><\/p>\n<p>En narkotikahund markerar vid kvinnans v\u00e4ska.<\/p>\n<p>Foto: Filippinernas tullmyndighet<\/p>\n<p>\u00d6ppna bild i helsk\u00e4rm<img loading=\"lazy\"   alt=\"\"\/><\/p>\n<p>Metamfetaminet l\u00e5g packat i kvinnans resv\u00e4ska.<\/p>\n<p>Foto: Filippinernas tullmyndighet<\/p>\n<p>\u00d6ppna bild i helsk\u00e4rm<\/p>\n<p>Kvinnan, en svensk medborgare i 70-\u00e5rs\u00e5ldern, var registrerad som utvandrad fr\u00e5n Sverige. Hon dog i ett filippinskt h\u00e4kte den 6 december.\u00a0<\/p>\n<p>UD bekr\u00e4ftar d\u00f6dsfallet och uppger att kvinnans anh\u00f6riga har underr\u00e4ttats.\u00a0<\/p>\n<p>Omst\u00e4ndigheterna kring d\u00f6dsfallet \u00e4r inte k\u00e4nda.\u00a0<\/p>\n<p>Kvinnan hade \u00e4ven schweiziskt medborgarskap, enligt obekr\u00e4ftade uppgifter fr\u00e5n nyhetsportalen <a href=\"https:\/\/scandasia.com\/swedish-citizen-dies-in-prison-in-the-philippines\/\" rel=\"nofollow noopener\" target=\"_blank\">Scandasia<\/a>.\u00a0<\/p>\n<p>Det \u00e4r dock oklart om det handlar om nationalitetsf\u00f6rvirring d\u00e5 landets tullmyndighet f\u00f6rst uppgav att kvinnan var schweizisk medborgare.\u00a0<\/p>\n<p>Kvinnan fl\u00f6g fr\u00e5n Abu Dhabi<\/p>\n<p>Kvinnan greps i mitten av september efter att <a href=\"https:\/\/www.expressen.se\/tagg\/location\/filippinerna\/\" class=\"\" rel=\"nofollow noopener\" target=\"_blank\">Filippinernas<\/a> tullmyndighet ertappat henne med 6 kilo metamfetamin p\u00e5 internationella flygplatsen Ninoy Aquino i huvudstaden Manila.\u00a0<\/p>\n<p>Kvinnan hade d\u00e5 anl\u00e4nt med ett flyg fr\u00e5n Abu Dhabi i F\u00f6renade arabemiraten, enligt ett pressmeddelande fr\u00e5n tullmyndigheten som sl\u00e4ppt flera bilder fr\u00e5n tillslaget.\u00a0<\/p>\n<p>Drogerna uppt\u00e4cktes paketerade i en resv\u00e4ska under bagager\u00f6ntgen i s\u00e4kerhetskontrollen. En narkotikahund markerade ocks\u00e5 vid v\u00e4skan och ett test visade att det r\u00f6rde sig om amfetamin v\u00e4rt omkring 6,5 miljoner svenska kronor.\u00a0<\/p>\n<p>Tullen: \u201dInsatsen \u00e4r ett klart budskap\u201d<\/p>\n<p>\u201dDen h\u00e4r insatsen \u00e4r ett klart budskap till internationella narkotikasyndikat: Filippinerna kommer inte vara en ink\u00f6rsport f\u00f6r illegala droger. V\u00e5ra hamnar och flygplatser \u00e4r fortfarande under strikt bevakning\u201d, sa tullmyndighetens talesperson Ariel F Nepomuceno i pressmeddelande.\u00a0<\/p>\n<p>Sedan gripandet tillbringade kvinnan \u00f6ver tv\u00e5 m\u00e5nader i f\u00e4ngsligt f\u00f6rvar i Filippinerna med risk f\u00f6r livstidstraff h\u00e4ngande \u00f6ver sig.\u00a0<\/p>\n<p>Tusentals m\u00e4nniskor d\u00f6r varje \u00e5r i landets f\u00e4ngelsesystem som beskrivs som \u00f6verbefolkade, med intagna som uts\u00e4tts f\u00f6r fysisk och psykisk tortyr, enligt rapporter fr\u00e5n bland andra R\u00f6da korset, Human Rights Watch och FN. \u00a0<\/p>\n","protected":false},"excerpt":{"rendered":"Publicerad 17 dec 2025 kl 18.47Uppdaterad kl 21.40 En svensk kvinna i 70-\u00e5rs\u00e5ldern har d\u00f6tt i filippinskt h\u00e4kte.\u00a0&hellip;\n","protected":false},"author":2,"featured_media":109347,"comment_status":"","ping_status":"","sticky":false,"template":"","format":"standard","meta":{"footnotes":""},"categories":[12],"tags":[22,23,26,27,17,21,24,25,12136,6612,212,28,29,15,16,3643,12135,18,34,55,31,33,32,30,19,427,3456,20],"class_list":{"0":"post-109346","1":"post","2":"type-post","3":"status-publish","4":"format-standard","5":"has-post-thumbnail","7":"category-sverige","8":"tag-breaking-news","9":"tag-breakingnews","10":"tag-featured-news","11":"tag-featurednews","12":"tag-headlines","13":"tag-huvudnyheter","14":"tag-latest-news","15":"tag-latestnews","16":"tag-location-abu-dhabi","17":"tag-location-filippinerna","18":"tag-location-sverige","19":"tag-main-news","20":"tag-mainnews","21":"tag-news","22":"tag-nyheter","23":"tag-organization-fn","24":"tag-organization-human-rights-watch","25":"tag-rubriker","26":"tag-se","27":"tag-sections-varlden","28":"tag-svenska","29":"tag-sverige","30":"tag-sweden","31":"tag-swedish","32":"tag-top-stories","33":"tag-topic-dodsfall","34":"tag-topic-narkotikabrott","35":"tag-topstories"},"share_on_mastodon":{"url":"https:\/\/pubeurope.com\/@se\/115736877722231036","error":""},"_links":{"self":[{"href":"https:\/\/www.europesays.com\/se\/wp-json\/wp\/v2\/posts\/109346","targetHints":{"allow":["GET"]}}],"collection":[{"href":"https:\/\/www.europesays.com\/se\/wp-json\/wp\/v2\/posts"}],"about":[{"href":"https:\/\/www.europesays.com\/se\/wp-json\/wp\/v2\/types\/post"}],"author":[{"embeddable":true,"href":"https:\/\/www.europesays.com\/se\/wp-json\/wp\/v2\/users\/2"}],"replies":[{"embeddable":true,"href":"https:\/\/www.europesays.com\/se\/wp-json\/wp\/v2\/comments?post=109346"}],"version-history":[{"count":0,"href":"https:\/\/www.europesays.com\/se\/wp-json\/wp\/v2\/posts\/109346\/revisions"}],"wp:featuredmedia":[{"embeddable":true,"href":"https:\/\/www.europesays.com\/se\/wp-json\/wp\/v2\/media\/109347"}],"wp:attachment":[{"href":"https:\/\/www.europesays.com\/se\/wp-json\/wp\/v2\/media?parent=109346"}],"wp:term":[{"taxonomy":"category","embeddable":true,"href":"https:\/\/www.europesays.com\/se\/wp-json\/wp\/v2\/categories?post=109346"},{"taxonomy":"post_tag","embeddable":true,"href":"https:\/\/www.europesays.com\/se\/wp-json\/wp\/v2\/tags?post=109346"}],"curies":[{"name":"wp","href":"https:\/\/api.w.org\/{rel}","templated":true}]}}