{"id":109382,"date":"2025-12-17T21:12:40","date_gmt":"2025-12-17T21:12:40","guid":{"rendered":"https:\/\/www.europesays.com\/se\/109382\/"},"modified":"2025-12-17T21:12:40","modified_gmt":"2025-12-17T21:12:40","slug":"alzheimersignal-kartlagd-i-studie-svt-nyheter","status":"publish","type":"post","link":"https:\/\/www.europesays.com\/se\/109382\/","title":{"rendered":"Alzheimersignal kartlagd i studie | SVT Nyheter"},"content":{"rendered":"<p>En av tio personer \u00f6ver 70 \u00e5r har tidiga symptom p\u00e5 alzheimers sjukdom som kan g\u00e5 att bromsa med hj\u00e4lp av l\u00e4kemedel, enligt en studie som forskare i G\u00f6teborg medverkat till. <\/p>\n<p>Ungef\u00e4r lika m\u00e5nga har sp\u00e5r i blodet av ett protein som kopplas till alzheimer, men utan att ha f\u00e5tt symptom. <\/p>\n<p>Andelen som kan ha nytta av behandling \u00e4r h\u00f6gre \u00e4n v\u00e4ntat, skriver G\u00f6teborgs universitet i ett pressmeddelande. <\/p>\n<p>Studien bygger p\u00e5 blodprov fr\u00e5n drygt 11\u00a0000 norska inv\u00e5nare \u00f6ver 57 \u00e5r. Den har publicerats i tidskriften Nature. <\/p>\n","protected":false},"excerpt":{"rendered":"En av tio personer \u00f6ver 70 \u00e5r har tidiga symptom p\u00e5 alzheimers sjukdom som kan g\u00e5 att bromsa&hellip;\n","protected":false},"author":2,"featured_media":793,"comment_status":"","ping_status":"","sticky":false,"template":"","format":"standard","meta":{"footnotes":""},"categories":[12],"tags":[22,23,26,27,17,21,24,25,28,29,15,16,18,34,31,33,32,30,19,20],"class_list":{"0":"post-109382","1":"post","2":"type-post","3":"status-publish","4":"format-standard","5":"has-post-thumbnail","7":"category-sverige","8":"tag-breaking-news","9":"tag-breakingnews","10":"tag-featured-news","11":"tag-featurednews","12":"tag-headlines","13":"tag-huvudnyheter","14":"tag-latest-news","15":"tag-latestnews","16":"tag-main-news","17":"tag-mainnews","18":"tag-news","19":"tag-nyheter","20":"tag-rubriker","21":"tag-se","22":"tag-svenska","23":"tag-sverige","24":"tag-sweden","25":"tag-swedish","26":"tag-top-stories","27":"tag-topstories"},"share_on_mastodon":{"url":"https:\/\/pubeurope.com\/@se\/115736972261623188","error":""},"_links":{"self":[{"href":"https:\/\/www.europesays.com\/se\/wp-json\/wp\/v2\/posts\/109382","targetHints":{"allow":["GET"]}}],"collection":[{"href":"https:\/\/www.europesays.com\/se\/wp-json\/wp\/v2\/posts"}],"about":[{"href":"https:\/\/www.europesays.com\/se\/wp-json\/wp\/v2\/types\/post"}],"author":[{"embeddable":true,"href":"https:\/\/www.europesays.com\/se\/wp-json\/wp\/v2\/users\/2"}],"replies":[{"embeddable":true,"href":"https:\/\/www.europesays.com\/se\/wp-json\/wp\/v2\/comments?post=109382"}],"version-history":[{"count":0,"href":"https:\/\/www.europesays.com\/se\/wp-json\/wp\/v2\/posts\/109382\/revisions"}],"wp:featuredmedia":[{"embeddable":true,"href":"https:\/\/www.europesays.com\/se\/wp-json\/wp\/v2\/media\/793"}],"wp:attachment":[{"href":"https:\/\/www.europesays.com\/se\/wp-json\/wp\/v2\/media?parent=109382"}],"wp:term":[{"taxonomy":"category","embeddable":true,"href":"https:\/\/www.europesays.com\/se\/wp-json\/wp\/v2\/categories?post=109382"},{"taxonomy":"post_tag","embeddable":true,"href":"https:\/\/www.europesays.com\/se\/wp-json\/wp\/v2\/tags?post=109382"}],"curies":[{"name":"wp","href":"https:\/\/api.w.org\/{rel}","templated":true}]}}