{"id":109383,"date":"2025-12-17T21:13:14","date_gmt":"2025-12-17T21:13:14","guid":{"rendered":"https:\/\/www.europesays.com\/se\/109383\/"},"modified":"2025-12-17T21:13:14","modified_gmt":"2025-12-17T21:13:14","slug":"artist-togs-av-polis-i-djursholm-var-kokainpaverkad-atalas","status":"publish","type":"post","link":"https:\/\/www.europesays.com\/se\/109383\/","title":{"rendered":"Artist togs av polis i Djursholm \u2013 var kokainp\u00e5verkad \u2022 \u00c5talas"},"content":{"rendered":"<p>Publicerad 17 dec 2025 kl 15.52Uppdaterad kl 18.19<\/p>\n<p>En svensk manlig artist \u00e5talas f\u00f6r ringa narkotikabrott.<\/p>\n<p>Artisten stoppades av polis i Djursholm och ett urinprov visade att han hade kokain i blodet.\u00a0<\/p>\n<p>Mannen nekar till brott.<\/p>\n<p><img   alt=\"\"\/><\/p>\n<p>En svensk artist misst\u00e4nks f\u00f6r ringa narkotikabrott.<\/p>\n<p>Foto: Christine Olsson \/ TT NYHETSBYR\u00c5N<\/p>\n<p>\u00d6ppna bild i helsk\u00e4rm<img loading=\"lazy\"   alt=\"\"\/>\u00d6ppna bild i helsk\u00e4rm<\/p>\n<p>Den 14 november larmade en person om en misst\u00e4nkt p\u00e5verkad bilf\u00f6rare i <a href=\"https:\/\/www.expressen.se\/tagg\/location\/djursholm\/\" class=\"\" rel=\"nofollow noopener\" target=\"_blank\">Djursholm<\/a> i Stockholm. F\u00f6raren, en k\u00e4nd svensk artist stoppades av polis klockan 10.40 p\u00e5 f\u00f6rmiddagen och togs med till polisstationen.\u00a0<\/p>\n<p>D\u00e4r visade ett urinprov att han hade kokain i blodet.\u00a0<\/p>\n<p>Artisten nekar till brott.\u00a0<\/p>\n<p>I det initiala f\u00f6rh\u00f6ret fr\u00e5gar polisen om han befunnit sig i n\u00e5got sammanhang d\u00e4r andra brukat droger och han kan ha f\u00e5tt i sig n\u00e5gon olaglig substans, varp\u00e5 han nekar \u00e4ven till det.\u00a0<\/p>\n<p>\u2013 Nej, det \u00e4r h\u00f6gst osannolikt.<\/p>\n<p><img alt=\"\"\/>Ljudklippet gick inte att spela upp<\/p>\n<p>F\u00f6rs\u00f6k igen senare<\/p>\n","protected":false},"excerpt":{"rendered":"Publicerad 17 dec 2025 kl 15.52Uppdaterad kl 18.19 En svensk manlig artist \u00e5talas f\u00f6r ringa narkotikabrott. Artisten stoppades&hellip;\n","protected":false},"author":2,"featured_media":109384,"comment_status":"","ping_status":"","sticky":false,"template":"","format":"standard","meta":{"footnotes":""},"categories":[5],"tags":[22,23,26,27,17,21,24,25,4087,28,29,15,16,18,34,31,33,32,30,19,402,310,136,20],"class_list":{"0":"post-109383","1":"post","2":"type-post","3":"status-publish","4":"format-standard","5":"has-post-thumbnail","7":"category-rubriker","8":"tag-breaking-news","9":"tag-breakingnews","10":"tag-featured-news","11":"tag-featurednews","12":"tag-headlines","13":"tag-huvudnyheter","14":"tag-latest-news","15":"tag-latestnews","16":"tag-location-djursholm","17":"tag-main-news","18":"tag-mainnews","19":"tag-news","20":"tag-nyheter","21":"tag-rubriker","22":"tag-se","23":"tag-svenska","24":"tag-sverige","25":"tag-sweden","26":"tag-swedish","27":"tag-top-stories","28":"tag-topic-artister","29":"tag-topic-kandisar","30":"tag-topic-rattegangar-domar","31":"tag-topstories"},"share_on_mastodon":{"url":"https:\/\/pubeurope.com\/@se\/115736975978640821","error":""},"_links":{"self":[{"href":"https:\/\/www.europesays.com\/se\/wp-json\/wp\/v2\/posts\/109383","targetHints":{"allow":["GET"]}}],"collection":[{"href":"https:\/\/www.europesays.com\/se\/wp-json\/wp\/v2\/posts"}],"about":[{"href":"https:\/\/www.europesays.com\/se\/wp-json\/wp\/v2\/types\/post"}],"author":[{"embeddable":true,"href":"https:\/\/www.europesays.com\/se\/wp-json\/wp\/v2\/users\/2"}],"replies":[{"embeddable":true,"href":"https:\/\/www.europesays.com\/se\/wp-json\/wp\/v2\/comments?post=109383"}],"version-history":[{"count":0,"href":"https:\/\/www.europesays.com\/se\/wp-json\/wp\/v2\/posts\/109383\/revisions"}],"wp:featuredmedia":[{"embeddable":true,"href":"https:\/\/www.europesays.com\/se\/wp-json\/wp\/v2\/media\/109384"}],"wp:attachment":[{"href":"https:\/\/www.europesays.com\/se\/wp-json\/wp\/v2\/media?parent=109383"}],"wp:term":[{"taxonomy":"category","embeddable":true,"href":"https:\/\/www.europesays.com\/se\/wp-json\/wp\/v2\/categories?post=109383"},{"taxonomy":"post_tag","embeddable":true,"href":"https:\/\/www.europesays.com\/se\/wp-json\/wp\/v2\/tags?post=109383"}],"curies":[{"name":"wp","href":"https:\/\/api.w.org\/{rel}","templated":true}]}}