{"id":109392,"date":"2025-12-17T21:21:23","date_gmt":"2025-12-17T21:21:23","guid":{"rendered":"https:\/\/www.europesays.com\/se\/109392\/"},"modified":"2025-12-17T21:21:23","modified_gmt":"2025-12-17T21:21:23","slug":"aldring-valdtogs-hemtjanstanstalld-domd","status":"publish","type":"post","link":"https:\/\/www.europesays.com\/se\/109392\/","title":{"rendered":"\u00c5ldring v\u00e5ldtogs \u2013 hemtj\u00e4nstanst\u00e4lld d\u00f6md"},"content":{"rendered":"<p>share-arrowDela<\/p>\n<p>unsaveSpara<\/p>\n<p>expand-left<\/p>\n<p>helsk\u00e4rm<img decoding=\"async\" class=\"image-asset hyperion-css-u06ts1\" data-test-tag=\"image-asset\" src=\"https:\/\/www.europesays.com\/se\/wp-content\/uploads\/2025\/12\/4fd55f70-5c49-4a75-8588-8ae38d88f39d\"  alt=\"En hemtj\u00e4nstanst\u00e4lld man har d\u00f6mts f\u00f6r att ha v\u00e5ldtagit en kvinna i 100-\u00e5rs\u00e5ldern. Arkivbild.\"  loading=\"eager\" fetchpriority=\"high\" style=\"aspect-ratio:1900 \/ 1174\"\/>En hemtj\u00e4nstanst\u00e4lld man har d\u00f6mts f\u00f6r att ha v\u00e5ldtagit en kvinna i 100-\u00e5rs\u00e5ldern. Arkivbild. Foto: Johan Nilsson\/TT<\/p>\n<p class=\"hyperion-css-1shl3oz\" data-test-tag=\"lead-text\">En man f\u00e4lls f\u00f6r att ha v\u00e5ldtagit en kvinna i 100-\u00e5rs\u00e5ldern i Stockholm.<\/p>\n<p class=\"hyperion-css-1v9qo5x\">Mannen, som var anst\u00e4lld inom hemtj\u00e4nsten, d\u00f6ms till fyra \u00e5rs f\u00e4ngelse, skriver Expressen.<\/p>\n<p class=\"hyperion-css-1v9qo5x\">\u00d6vergreppet intr\u00e4ffade i b\u00f6rjan av oktober i \u00e5r.<\/p>\n<p class=\"hyperion-css-1v9qo5x\">\u2013 Det har varit en sv\u00e5r h\u00e4ndelse f\u00f6r henne, s\u00e4rskilt eftersom brottet beg\u00e5s av en person som hon har gett sitt f\u00f6rtroende och \u00e4r beroende av f\u00f6r att klara sin vardag, s\u00e4ger kvinnans m\u00e5ls\u00e4garbitr\u00e4de advokat Anders Unneb\u00e4ck till tidningen.<\/p>\n<p class=\"hyperion-css-1v9qo5x\">Mannen frias d\u00e4remot f\u00f6r en v\u00e5ldt\u00e4kt av en kvinna i 95-\u00e5rs\u00e5ldern.<\/p>\n<p class=\"hyperion-css-1v9qo5x\">Han har avskedats av Stockholms stad.<\/p>\n","protected":false},"excerpt":{"rendered":"share-arrowDela unsaveSpara expand-left helsk\u00e4rmEn hemtj\u00e4nstanst\u00e4lld man har d\u00f6mts f\u00f6r att ha v\u00e5ldtagit en kvinna i 100-\u00e5rs\u00e5ldern. Arkivbild. Foto:&hellip;\n","protected":false},"author":2,"featured_media":109393,"comment_status":"","ping_status":"","sticky":false,"template":"","format":"standard","meta":{"footnotes":""},"categories":[12],"tags":[22,23,26,27,17,21,24,25,28,29,15,16,18,34,31,33,32,30,19,20],"class_list":{"0":"post-109392","1":"post","2":"type-post","3":"status-publish","4":"format-standard","5":"has-post-thumbnail","7":"category-sverige","8":"tag-breaking-news","9":"tag-breakingnews","10":"tag-featured-news","11":"tag-featurednews","12":"tag-headlines","13":"tag-huvudnyheter","14":"tag-latest-news","15":"tag-latestnews","16":"tag-main-news","17":"tag-mainnews","18":"tag-news","19":"tag-nyheter","20":"tag-rubriker","21":"tag-se","22":"tag-svenska","23":"tag-sverige","24":"tag-sweden","25":"tag-swedish","26":"tag-top-stories","27":"tag-topstories"},"share_on_mastodon":{"url":"https:\/\/pubeurope.com\/@se\/115737007653080203","error":""},"_links":{"self":[{"href":"https:\/\/www.europesays.com\/se\/wp-json\/wp\/v2\/posts\/109392","targetHints":{"allow":["GET"]}}],"collection":[{"href":"https:\/\/www.europesays.com\/se\/wp-json\/wp\/v2\/posts"}],"about":[{"href":"https:\/\/www.europesays.com\/se\/wp-json\/wp\/v2\/types\/post"}],"author":[{"embeddable":true,"href":"https:\/\/www.europesays.com\/se\/wp-json\/wp\/v2\/users\/2"}],"replies":[{"embeddable":true,"href":"https:\/\/www.europesays.com\/se\/wp-json\/wp\/v2\/comments?post=109392"}],"version-history":[{"count":0,"href":"https:\/\/www.europesays.com\/se\/wp-json\/wp\/v2\/posts\/109392\/revisions"}],"wp:featuredmedia":[{"embeddable":true,"href":"https:\/\/www.europesays.com\/se\/wp-json\/wp\/v2\/media\/109393"}],"wp:attachment":[{"href":"https:\/\/www.europesays.com\/se\/wp-json\/wp\/v2\/media?parent=109392"}],"wp:term":[{"taxonomy":"category","embeddable":true,"href":"https:\/\/www.europesays.com\/se\/wp-json\/wp\/v2\/categories?post=109392"},{"taxonomy":"post_tag","embeddable":true,"href":"https:\/\/www.europesays.com\/se\/wp-json\/wp\/v2\/tags?post=109392"}],"curies":[{"name":"wp","href":"https:\/\/api.w.org\/{rel}","templated":true}]}}