{"id":109394,"date":"2025-12-17T21:22:11","date_gmt":"2025-12-17T21:22:11","guid":{"rendered":"https:\/\/www.europesays.com\/se\/109394\/"},"modified":"2025-12-17T21:22:11","modified_gmt":"2025-12-17T21:22:11","slug":"tillstandsprovning-for-sprangmedelsfabrik-i-nora-wsps-arbete-med-miljo-och-infrastruktur-i-fokus-via-tt","status":"publish","type":"post","link":"https:\/\/www.europesays.com\/se\/109394\/","title":{"rendered":"Tillst\u00e5ndspr\u00f6vning f\u00f6r spr\u00e4ngmedelsfabrik i Nora \u2013 WSP:s arbete med milj\u00f6 och infrastruktur i fokus &#8211; Via TT"},"content":{"rendered":"<ol>\n<li><a href=\"https:\/\/news.google.com\/rss\/articles\/CBMi-gFBVV95cUxQVFdZemZITzMtd1VCcmRaZU0wbmx1Z3NwY2o4SVBjN0V2TXUyVG9VNFdzM3I3cVFYQXZIamI3Ti12LWlyczhtYnNlUFdHQUliMnIxVVdra2VzREJNdzVuWUg0c0h3Q2p1VWJaVW9YcUJQNG84aUlOTm1KN2Zxek9ERWVzcm93dFVsV0hmNVVFQXMyX0dicEg2bFBSdURTLVUyZ25xXzQ1TldVZFJqT2prR0k2OVVLRG1RcmQzUlJJYzgyYldadlh5dGxOY2pkUXhWSDBvaTFTZmFJdVk1aDh4dFcxMkNucUFwdzdYSmg3TFJIU1FBdkp5M2pn?oc=5\" target=\"_blank\" rel=\"nofollow noopener\">Tillst\u00e5ndspr\u00f6vning f\u00f6r spr\u00e4ngmedelsfabrik i Nora \u2013 WSP:s arbete med milj\u00f6 och infrastruktur i fokus<\/a>&nbsp;&nbsp;Via TT<\/li>\n<li><a href=\"https:\/\/news.google.com\/rss\/articles\/CBMiYkFVX3lxTE9Bcmlhb1JXa1JjUF9melVxbWVBYnZGV2d2aDFIaVIzazBVLWFCYXNSN1RKcERVTEVRdHo5RkI2bXBYUHktdzZxcktoekhKS0MzRGVibVd1Z0tEdDVxRDlPNHJB?oc=5\" target=\"_blank\" rel=\"nofollow noopener\">Protestgruppen: \u201dVi \u00e4r chockade\u201d<\/a>&nbsp;&nbsp;Nerikes Allehanda<\/li>\n<li><a href=\"https:\/\/news.google.com\/rss\/articles\/CBMikAFBVV95cUxNanRMS2hHY0FWSVhmWENPLXp6UnI4M3BXdnVkdzdza09LbGNTNTNYQU51c19iMUc5Z2FIM1VoNlRaMTViR0ozWl9hWjcyN0RaOXdPemNFY2tsVUVCS090OFVpaEYyZXMxTTdZbDNFZ1hPQldGZl82WlItUXBFSjhwUUNPZ2hSTzVsSzVtSHgwT2Q?oc=5\" target=\"_blank\" rel=\"nofollow noopener\">Domstol: Gr\u00f6nt ljus f\u00f6r TNT-fabrik utanf\u00f6r Nora<\/a>&nbsp;&nbsp;SVT Nyheter<\/li>\n<li><a href=\"https:\/\/news.google.com\/rss\/articles\/CBMif0FVX3lxTE9ILV9JVjFrTHQ4cEQ0SHNEalFZa0s4dGQ4NkNKb3kyYmpvbkd0Y24waGt4Q05FclhlVnNzOTdVc182aU9PZXZxYnA4ekdsZnpPcy1maWlNWUFUMGFDbXlUX01iUGF6WjI0ZnRranBCWU9FdWotQ25tSk5KY0tDY2s?oc=5\" target=\"_blank\" rel=\"nofollow noopener\">Gr\u00f6nt ljus f\u00f6r svensk spr\u00e4ng\u00e4mnesfabrik: \u201dViktigt\u201d<\/a>&nbsp;&nbsp;DI<\/li>\n<li><a href=\"https:\/\/news.google.com\/rss\/articles\/CBMisgFBVV95cUxOWUNfbmNOTENySGIyN012LWRrSk9ZQ3h6OG1sNkNQa1dfUUZJSVN3cFExWnBQbm40RnEzcGZzRlh6YXQ4S1Jsd2FLX2kxU2g2VDhfUUEzaFoxQjN4V2lmOWQ5ZnJ3Q1k4NEhCdnBTTEtPcG1mNnVNQkFpVk5BNXVjNHkzR2Y4UmFGUEpIbXFzd1RJQlFUZURtaUZXWlNQQmNNZmtHbldvTjYyckt0aTJDN3R3?oc=5\" target=\"_blank\" rel=\"nofollow noopener\">Mark- och milj\u00f6domstolen beviljar tillst\u00e5nd f\u00f6r TNT-fabrik i Nora<\/a>&nbsp;&nbsp;tidningensyre.se<\/li>\n<\/ol>\n","protected":false},"excerpt":{"rendered":"Tillst\u00e5ndspr\u00f6vning f\u00f6r spr\u00e4ngmedelsfabrik i Nora \u2013 WSP:s arbete med milj\u00f6 och infrastruktur i fokus&nbsp;&nbsp;Via TT Protestgruppen: \u201dVi \u00e4r&hellip;\n","protected":false},"author":2,"featured_media":1096,"comment_status":"","ping_status":"","sticky":false,"template":"","format":"standard","meta":{"footnotes":""},"categories":[5],"tags":[22,23,26,27,17,21,24,25,28,29,15,16,18,34,31,33,32,30,19,20],"class_list":{"0":"post-109394","1":"post","2":"type-post","3":"status-publish","4":"format-standard","5":"has-post-thumbnail","7":"category-rubriker","8":"tag-breaking-news","9":"tag-breakingnews","10":"tag-featured-news","11":"tag-featurednews","12":"tag-headlines","13":"tag-huvudnyheter","14":"tag-latest-news","15":"tag-latestnews","16":"tag-main-news","17":"tag-mainnews","18":"tag-news","19":"tag-nyheter","20":"tag-rubriker","21":"tag-se","22":"tag-svenska","23":"tag-sverige","24":"tag-sweden","25":"tag-swedish","26":"tag-top-stories","27":"tag-topstories"},"share_on_mastodon":{"url":"https:\/\/pubeurope.com\/@se\/115737011368467986","error":""},"_links":{"self":[{"href":"https:\/\/www.europesays.com\/se\/wp-json\/wp\/v2\/posts\/109394","targetHints":{"allow":["GET"]}}],"collection":[{"href":"https:\/\/www.europesays.com\/se\/wp-json\/wp\/v2\/posts"}],"about":[{"href":"https:\/\/www.europesays.com\/se\/wp-json\/wp\/v2\/types\/post"}],"author":[{"embeddable":true,"href":"https:\/\/www.europesays.com\/se\/wp-json\/wp\/v2\/users\/2"}],"replies":[{"embeddable":true,"href":"https:\/\/www.europesays.com\/se\/wp-json\/wp\/v2\/comments?post=109394"}],"version-history":[{"count":0,"href":"https:\/\/www.europesays.com\/se\/wp-json\/wp\/v2\/posts\/109394\/revisions"}],"wp:featuredmedia":[{"embeddable":true,"href":"https:\/\/www.europesays.com\/se\/wp-json\/wp\/v2\/media\/1096"}],"wp:attachment":[{"href":"https:\/\/www.europesays.com\/se\/wp-json\/wp\/v2\/media?parent=109394"}],"wp:term":[{"taxonomy":"category","embeddable":true,"href":"https:\/\/www.europesays.com\/se\/wp-json\/wp\/v2\/categories?post=109394"},{"taxonomy":"post_tag","embeddable":true,"href":"https:\/\/www.europesays.com\/se\/wp-json\/wp\/v2\/tags?post=109394"}],"curies":[{"name":"wp","href":"https:\/\/api.w.org\/{rel}","templated":true}]}}