{"id":109400,"date":"2025-12-17T21:28:08","date_gmt":"2025-12-17T21:28:08","guid":{"rendered":"https:\/\/www.europesays.com\/se\/109400\/"},"modified":"2025-12-17T21:28:08","modified_gmt":"2025-12-17T21:28:08","slug":"sydafrika-vill-fa-hem-medborgare-fran-ryssland","status":"publish","type":"post","link":"https:\/\/www.europesays.com\/se\/109400\/","title":{"rendered":"Sydafrika vill f\u00e5 hem medborgare fr\u00e5n Ryssland"},"content":{"rendered":"<p>share-arrowDela<\/p>\n<p>unsaveSpara<\/p>\n<p>expand-left<\/p>\n<p>helsk\u00e4rm<img decoding=\"async\" class=\"image-asset hyperion-css-u06ts1\" data-test-tag=\"image-asset\" src=\"https:\/\/www.europesays.com\/se\/wp-content\/uploads\/2025\/12\/a72d85f4-9d6c-4e3b-aedd-4ea4bd1071e6\"  alt=\"Sydafrikas president Cyril Ramaphosa arbetar enligt en talesperson f\u00f6r att f\u00e5 hem flera unga m\u00e4n som lockats till Ryssland. Arkivbild.\"  loading=\"eager\" fetchpriority=\"high\" style=\"aspect-ratio:1900 \/ 1267\"\/>Sydafrikas president Cyril Ramaphosa arbetar enligt en talesperson f\u00f6r att f\u00e5 hem flera unga m\u00e4n som lockats till Ryssland. Arkivbild. Foto: Themba Hadebe\/AP\/TT<\/p>\n<p class=\"hyperion-css-1shl3oz\" data-test-tag=\"lead-text\">Sydafrikas regering f\u00f6r samtal med Ryssland f\u00f6r att f\u00e5 hem de 17 medborgare som tros ha lurats in i den ryska arm\u00e9n.<\/p>\n<p class=\"hyperion-css-1v9qo5x\">\u2013 Processen att f\u00e5 hem dessa unga m\u00e4n \u00e4r fortsatt mycket k\u00e4nslig. De befinner sig i en farlig milj\u00f6, s\u00e4ger Vincent Magwenya, talesperson f\u00f6r president Cyril Ramaphosa, p\u00e5 en presstr\u00e4ff, skriver The Guardian.<\/p>\n<p class=\"hyperion-css-1v9qo5x\">Enligt talespersonen f\u00f6rs samtal med myndigheter i fr\u00e4mst Ryssland, men ocks\u00e5 i Ukraina.<\/p>\n<p class=\"hyperion-css-1v9qo5x\">Den sydafrikanska polisen meddelade i november att de utreder anklagelser om att dottern till Sydafrikas expresident Jacob Zuma, Duduzile Zuma-Sambudla, har lockat 17 sydafrikanska m\u00e4n till Ryssland \u201df\u00f6r att strida i kriget i Ukraina utan deras vetskap eller samtycke\u201d.<\/p>\n<p class=\"hyperion-css-1v9qo5x\">Zuma-Sambudla har sedan dess avg\u00e5tt som parlamentsledamot.<\/p>\n","protected":false},"excerpt":{"rendered":"share-arrowDela unsaveSpara expand-left helsk\u00e4rmSydafrikas president Cyril Ramaphosa arbetar enligt en talesperson f\u00f6r att f\u00e5 hem flera unga m\u00e4n&hellip;\n","protected":false},"author":2,"featured_media":109401,"comment_status":"","ping_status":"","sticky":false,"template":"","format":"standard","meta":{"footnotes":""},"categories":[14],"tags":[22,23,26,27,17,21,24,25,28,29,15,16,18,34,31,33,32,30,19,20,51,52,53,54],"class_list":{"0":"post-109400","1":"post","2":"type-post","3":"status-publish","4":"format-standard","5":"has-post-thumbnail","7":"category-varlden","8":"tag-breaking-news","9":"tag-breakingnews","10":"tag-featured-news","11":"tag-featurednews","12":"tag-headlines","13":"tag-huvudnyheter","14":"tag-latest-news","15":"tag-latestnews","16":"tag-main-news","17":"tag-mainnews","18":"tag-news","19":"tag-nyheter","20":"tag-rubriker","21":"tag-se","22":"tag-svenska","23":"tag-sverige","24":"tag-sweden","25":"tag-swedish","26":"tag-top-stories","27":"tag-topstories","28":"tag-varlden","29":"tag-world","30":"tag-world-news","31":"tag-worldnews"},"share_on_mastodon":{"url":"https:\/\/pubeurope.com\/@se\/115737035238187619","error":""},"_links":{"self":[{"href":"https:\/\/www.europesays.com\/se\/wp-json\/wp\/v2\/posts\/109400","targetHints":{"allow":["GET"]}}],"collection":[{"href":"https:\/\/www.europesays.com\/se\/wp-json\/wp\/v2\/posts"}],"about":[{"href":"https:\/\/www.europesays.com\/se\/wp-json\/wp\/v2\/types\/post"}],"author":[{"embeddable":true,"href":"https:\/\/www.europesays.com\/se\/wp-json\/wp\/v2\/users\/2"}],"replies":[{"embeddable":true,"href":"https:\/\/www.europesays.com\/se\/wp-json\/wp\/v2\/comments?post=109400"}],"version-history":[{"count":0,"href":"https:\/\/www.europesays.com\/se\/wp-json\/wp\/v2\/posts\/109400\/revisions"}],"wp:featuredmedia":[{"embeddable":true,"href":"https:\/\/www.europesays.com\/se\/wp-json\/wp\/v2\/media\/109401"}],"wp:attachment":[{"href":"https:\/\/www.europesays.com\/se\/wp-json\/wp\/v2\/media?parent=109400"}],"wp:term":[{"taxonomy":"category","embeddable":true,"href":"https:\/\/www.europesays.com\/se\/wp-json\/wp\/v2\/categories?post=109400"},{"taxonomy":"post_tag","embeddable":true,"href":"https:\/\/www.europesays.com\/se\/wp-json\/wp\/v2\/tags?post=109400"}],"curies":[{"name":"wp","href":"https:\/\/api.w.org\/{rel}","templated":true}]}}