{"id":109416,"date":"2025-12-17T21:45:14","date_gmt":"2025-12-17T21:45:14","guid":{"rendered":"https:\/\/www.europesays.com\/se\/109416\/"},"modified":"2025-12-17T21:45:14","modified_gmt":"2025-12-17T21:45:14","slug":"blixthalkan-lamslarvasterbotten-30bussar-har-stallts-in-sverige","status":"publish","type":"post","link":"https:\/\/www.europesays.com\/se\/109416\/","title":{"rendered":"Blixthalkan lamsl\u00e5r\nV\u00e4sterbotten \u2013 30\nbussar har st\u00e4llts in | Sverige"},"content":{"rendered":"<p>Publicerad 17 dec 2025 kl 18.00Uppdaterad kl 20.00<\/p>\n<p>Blixthalkan i V\u00e4sterbotten har resulterat i \u00f6ver 30 inst\u00e4llda bussturer och flighter som st\u00e4lls in eftersom flygplatsens landningsbana \u00e4r f\u00f6r hal, rapporterar <a href=\"https:\/\/www.sverigesradio.se\/artikel\/blixthalkans-jarngrepp-lanstrafiken-har-stallt-in-over-30-bussturer\" rel=\"nofollow noopener\" target=\"_blank\">P4 V\u00e4sterbotten<\/a>.\u00a0<\/p>\n<p>Utanf\u00f6r Ume\u00e5 halkade en buss in i en busskur \u2013 som sedan v\u00e4lte \u00f6ver en v\u00e4ntande resen\u00e4r.<\/p>\n<p><img   alt=\"\"\/><\/p>\n<p>Det har varit olyckor p\u00e5 flera h\u00e5ll.<\/p>\n<p>Foto: Johan Nilsson\/TT \/ TT NYHETSBYR\u00c5N<\/p>\n<p>\u00d6ppna bild i helsk\u00e4rm<\/p>\n<p>Blixthalkan h\u00e5ller <a href=\"https:\/\/www.expressen.se\/tagg\/location\/vasterbotten\/\" class=\"\" rel=\"nofollow noopener\" target=\"_blank\">V\u00e4sterbotten<\/a> i ett j\u00e4rngrepp, rapporterar Sveriges radio P4 V\u00e4sterbotten.\u00a0<\/p>\n<p>SOS har larmats om ett tiotal trafikolyckor i V\u00e4sterbotten under onsdagen.\u00a0<\/p>\n<p>Fram till klockan 14 hade polisen f\u00e5tt i elva larm om viltolyckor med ren och \u00e4lg. Polisen uppmanar inv\u00e5nare att anpassa sin k\u00f6rning efter r\u00e5dande v\u00e4glag.\u00a0<\/p>\n<p>Under eftermiddagen larmades r\u00e4ddningstj\u00e4nsten om en frontalkrock mellan tv\u00e5 personbilar i L\u00f6v\u00e5nger i h\u00f6jd med V\u00e4stanbyn.\u00a0<\/p>\n<p>Fem personer befann sig i bilarna men r\u00e4ddningstj\u00e4nsten uppgav f\u00f6r Norran att ingen person verkar vara allvarligt skadad.\u00a0<\/p>\n<p>Samtidigt hade l\u00e4nstrafiken fram till onsdagseftermiddagen st\u00e4llt in 34 bussturer.<\/p>\n<p>\u2013 Det \u00e4r inte det b\u00e4sta trafikl\u00e4get, kan jag s\u00e4ga, vi har just nu 44 olika st\u00f6rningar, s\u00e4ger Harriet S\u00f6der, vd vid l\u00e4nstrafiken i V\u00e4sterbotten till <a href=\"https:\/\/www.norran.se\/nyheter\/vader\/artikel\/just-nu-stor-halkbekampning-allt-som-vi-har-ar-ute\/r24o2n3j\" rel=\"nofollow noopener\" target=\"_blank\">Norran<\/a>.\u00a0<\/p>\n<p>Skellefte\u00e5 kommun har ett 20-tal fordon som \u00e4r ute och halkbek\u00e4mpar, rapporterar Norran.\u00a0<\/p>\n<p>\u2013 Allt som vi har \u00e4r ute och halkbek\u00e4mpar, s\u00e4ger Jan Burlin, verksamhetschef gator och v\u00e4gar, Skellefte\u00e5 kommun till tidningen.\u00a0<\/p>\n<p>I Brattby, nordv\u00e4st om Ume\u00e5, halkade en buss in i en busskur som sedan v\u00e4lte \u00f6ver en v\u00e4ntande resen\u00e4r som tvingades upps\u00f6ka sjukhus.\u00a0<\/p>\n<p>\u201dF\u00f6r mycket vatten p\u00e5 landningsbanan\u201d<\/p>\n<p>Vid Skellefte\u00e5 flygplats har flighter st\u00e4llts in.\u00a0<\/p>\n<p>\u2013 Det \u00e4r alldeles f\u00f6r halt och f\u00f6r mycket vatten p\u00e5 landningsbanan f\u00f6r att man ska kunna sanda, s\u00e4ger Robert Lindberg, flygplatschef, till P4 V\u00e4sterbotten.\u00a0<\/p>\n<p>SMHI har utf\u00e4rdat en gul varning f\u00f6r pl\u00f6tslig ishalka i \u00f6stra delen av V\u00e4sterbottens l\u00e4n samt vid s\u00f6dra Norrbottenskusten upp till Lule\u00e5 under onsdagen.\u00a0<\/p>\n<p>Under torsdagen har fler halkvarningar utf\u00e4rdats.\u00a0<\/p>\n<p>Fr\u00e5n klockan 06.00 till 18.00 p\u00e5 torsdagen varnas norra delen av V\u00e4rmlands, Dalarnas och G\u00e4vleborgs l\u00e4n och stora delar av J\u00e4mtlands och V\u00e4sternorrlands l\u00e4n. Den andra varningen, l\u00e4ngs den norrl\u00e4ndska kusten, g\u00e4ller fr\u00e5n klockan 13.00 p\u00e5 torsdagen till 19.00 p\u00e5 fredagen.<\/p>\n","protected":false},"excerpt":{"rendered":"Publicerad 17 dec 2025 kl 18.00Uppdaterad kl 20.00 Blixthalkan i V\u00e4sterbotten har resulterat i \u00f6ver 30 inst\u00e4llda bussturer&hellip;\n","protected":false},"author":2,"featured_media":109417,"comment_status":"","ping_status":"","sticky":false,"template":"","format":"standard","meta":{"footnotes":""},"categories":[12],"tags":[22,23,26,27,17,21,24,25,2518,4256,1868,28,29,15,16,288,18,34,154,31,33,32,30,19,437,435,290,20],"class_list":{"0":"post-109416","1":"post","2":"type-post","3":"status-publish","4":"format-standard","5":"has-post-thumbnail","7":"category-sverige","8":"tag-breaking-news","9":"tag-breakingnews","10":"tag-featured-news","11":"tag-featurednews","12":"tag-headlines","13":"tag-huvudnyheter","14":"tag-latest-news","15":"tag-latestnews","16":"tag-location-gavleborgs-lan","17":"tag-location-skelleftea-kommun","18":"tag-location-vasterbotten","19":"tag-main-news","20":"tag-mainnews","21":"tag-news","22":"tag-nyheter","23":"tag-organization-smhi","24":"tag-rubriker","25":"tag-se","26":"tag-sections-sverige","27":"tag-svenska","28":"tag-sverige","29":"tag-sweden","30":"tag-swedish","31":"tag-top-stories","32":"tag-topic-kollektivtrafik","33":"tag-topic-trafik","34":"tag-topic-vaderprognos","35":"tag-topstories"},"share_on_mastodon":{"url":"https:\/\/pubeurope.com\/@se\/115737101802388677","error":""},"_links":{"self":[{"href":"https:\/\/www.europesays.com\/se\/wp-json\/wp\/v2\/posts\/109416","targetHints":{"allow":["GET"]}}],"collection":[{"href":"https:\/\/www.europesays.com\/se\/wp-json\/wp\/v2\/posts"}],"about":[{"href":"https:\/\/www.europesays.com\/se\/wp-json\/wp\/v2\/types\/post"}],"author":[{"embeddable":true,"href":"https:\/\/www.europesays.com\/se\/wp-json\/wp\/v2\/users\/2"}],"replies":[{"embeddable":true,"href":"https:\/\/www.europesays.com\/se\/wp-json\/wp\/v2\/comments?post=109416"}],"version-history":[{"count":0,"href":"https:\/\/www.europesays.com\/se\/wp-json\/wp\/v2\/posts\/109416\/revisions"}],"wp:featuredmedia":[{"embeddable":true,"href":"https:\/\/www.europesays.com\/se\/wp-json\/wp\/v2\/media\/109417"}],"wp:attachment":[{"href":"https:\/\/www.europesays.com\/se\/wp-json\/wp\/v2\/media?parent=109416"}],"wp:term":[{"taxonomy":"category","embeddable":true,"href":"https:\/\/www.europesays.com\/se\/wp-json\/wp\/v2\/categories?post=109416"},{"taxonomy":"post_tag","embeddable":true,"href":"https:\/\/www.europesays.com\/se\/wp-json\/wp\/v2\/tags?post=109416"}],"curies":[{"name":"wp","href":"https:\/\/api.w.org\/{rel}","templated":true}]}}