{"id":109439,"date":"2025-12-17T22:23:18","date_gmt":"2025-12-17T22:23:18","guid":{"rendered":"https:\/\/www.europesays.com\/se\/109439\/"},"modified":"2025-12-17T22:23:18","modified_gmt":"2025-12-17T22:23:18","slug":"lokal-profil-skanker-miljonbelopp-till-krisande-nybro-vikings-hockeyallsvenskan","status":"publish","type":"post","link":"https:\/\/www.europesays.com\/se\/109439\/","title":{"rendered":"Lokal profil sk\u00e4nker miljonbelopp till krisande Nybro Vikings | Hockeyallsvenskan"},"content":{"rendered":"<p>Publicerad 17 dec 2025 kl 16.17Uppdaterad kl 16.49<\/p>\n<p>L\u00e4get \u00e4r prek\u00e4rt i Nybro Vikings.<\/p>\n<p>Nu har en lokal profil gjort sitt f\u00f6r att f\u00f6rs\u00f6ka r\u00e4dda klubben.<\/p>\n<p>\u2013 Vi satte in en miljon kronor i g\u00e5r kv\u00e4ll, min hustru och jag, s\u00e4ger Ingemar Andersson till <a href=\"https:\/\/www.barometern.se\/sport\/avslojar-nybroprofilen-kliver-in-med-miljonbelopp-i-vikings\/\" rel=\"nofollow noopener\" target=\"_blank\">Barometern<\/a>.<\/p>\n<p><img   alt=\"\"\/><\/p>\n<p>Nybro Vikings befinner sig i en ekonomisk kris.<\/p>\n<p>Foto: SUVAD MRKONJIC \/ BILDBYR\u00c5N<\/p>\n<p>\u00d6ppna bild i helsk\u00e4rm<\/p>\n<p>De senaste dagarna har det stormat runt hockeyallsvenskans tabelltia.<\/p>\n<p>Enligt rapporterna saknas fyra miljoner kronor f\u00f6r att t\u00e4cka de ekonomiska h\u00e5l som finns i klubben, samtidigt som kommunen nekat klubben ett motsvarande st\u00f6dpaket f\u00f6r att r\u00e4dda verksamheten.<\/p>\n<p>\u2013 F\u00e5r vi inte in tillr\u00e4ckligt med pengar s\u00e5 vi klarar oss, d\u00e5 finns inte <a href=\"https:\/\/www.expressen.se\/tagg\/organization\/nybro-vikings\/\" class=\"\" rel=\"nofollow noopener\" target=\"_blank\">Nybro Vikings<\/a>, f\u00f6rklarade klubbdirekt\u00f6ren Anders Westling f\u00f6r Barometern tidigare.<\/p>\n<p>Nyligen v\u00e4rvades Hannes Hellberg fr\u00e5n Almtuna, samtidigt som Hampus Eriksson tidigare s\u00e5lts till HV71. Under tisdagen hade \u00e4ven f\u00f6reningen ett styrelsem\u00f6te om situationen, men n\u00e5got besked om situationen har inte kommit.<\/p>\n<p>Indikationer finns dock p\u00e5 att klubben f\u00e5tt ihop visst kapital.<\/p>\n<p><img loading=\"lazy\"   alt=\"\"\/> <\/p>\n<p>Foto: SUVAD MRKONJIC \/ BILDBYR\u00c5N<\/p>\n<p>\u00d6ppna bild i helsk\u00e4rm\u201dVill inte att Nybro Vikings g\u00e5r \u00f6ver stupet\u201d<\/p>\n<p>Bland annat d\u00e5 den lokala profilen Ingemar Andersson, \u00e4gare till f\u00f6retaget Liljas Personbilar AB och som \u00e4ger r\u00e4ttigheterna till arenanamnet, st\u00f6ttat klubben ekonomiskt. N\u00e5got <a href=\"https:\/\/www.barometern.se\/sport\/avslojar-nybroprofilen-kliver-in-med-miljonbelopp-i-vikings\/\" rel=\"nofollow noopener\" target=\"_blank\">Barometern<\/a> rapporterar om.<\/p>\n<p>\u2013 Vi satte in en miljon kronor i g\u00e5r kv\u00e4ll, min hustru och jag. Det \u00e4r k\u00e4rleken till hembygden och vi \u00e4ger arenanamnet sedan tidigare. Vi hj\u00e4lpte f\u00f6reningen n\u00e4r de hade stora problem f\u00f6r sju \u00e5r sedan och k\u00f6pte arenanamnet, sedan har vi f\u00f6rl\u00e4ngt ett \u00e5r i taget, s\u00e4ger Andersson till tidningen.<\/p>\n<p>Han beskriver sitt klubbhj\u00e4rta som stort, att klubben har \u201dbetydelse f\u00f6r hela regionen\u201d och att det vore \u201df\u00f6rf\u00e4rligt\u201d om klubben skulle g\u00e5 under.<\/p>\n<p>\u2013 Jag vill inte att Nybro Vikings ska g\u00e5 \u00f6ver stupet. Jag brukar verka utan att synas, s\u00e4ger han.<\/p>\n<p>Nybro Vikings spelar under onsdagskv\u00e4llen mot Bj\u00f6rkl\u00f6ven i Liljas arena.<\/p>\n","protected":false},"excerpt":{"rendered":"Publicerad 17 dec 2025 kl 16.17Uppdaterad kl 16.49 L\u00e4get \u00e4r prek\u00e4rt i Nybro Vikings. Nu har en lokal&hellip;\n","protected":false},"author":2,"featured_media":109440,"comment_status":"","ping_status":"","sticky":false,"template":"","format":"standard","meta":{"footnotes":""},"categories":[68],"tags":[1497,34,130,255,111,110,31,33,32,30],"class_list":{"0":"post-109439","1":"post","2":"type-post","3":"status-publish","4":"format-standard","5":"has-post-thumbnail","7":"category-sport","8":"tag-organization-nybro-vikings","9":"tag-se","10":"tag-sections-allsvenskan","11":"tag-sections-ishockey","12":"tag-sport","13":"tag-sports","14":"tag-svenska","15":"tag-sverige","16":"tag-sweden","17":"tag-swedish"},"share_on_mastodon":{"url":"https:\/\/pubeurope.com\/@se\/115737251244191386","error":""},"_links":{"self":[{"href":"https:\/\/www.europesays.com\/se\/wp-json\/wp\/v2\/posts\/109439","targetHints":{"allow":["GET"]}}],"collection":[{"href":"https:\/\/www.europesays.com\/se\/wp-json\/wp\/v2\/posts"}],"about":[{"href":"https:\/\/www.europesays.com\/se\/wp-json\/wp\/v2\/types\/post"}],"author":[{"embeddable":true,"href":"https:\/\/www.europesays.com\/se\/wp-json\/wp\/v2\/users\/2"}],"replies":[{"embeddable":true,"href":"https:\/\/www.europesays.com\/se\/wp-json\/wp\/v2\/comments?post=109439"}],"version-history":[{"count":0,"href":"https:\/\/www.europesays.com\/se\/wp-json\/wp\/v2\/posts\/109439\/revisions"}],"wp:featuredmedia":[{"embeddable":true,"href":"https:\/\/www.europesays.com\/se\/wp-json\/wp\/v2\/media\/109440"}],"wp:attachment":[{"href":"https:\/\/www.europesays.com\/se\/wp-json\/wp\/v2\/media?parent=109439"}],"wp:term":[{"taxonomy":"category","embeddable":true,"href":"https:\/\/www.europesays.com\/se\/wp-json\/wp\/v2\/categories?post=109439"},{"taxonomy":"post_tag","embeddable":true,"href":"https:\/\/www.europesays.com\/se\/wp-json\/wp\/v2\/tags?post=109439"}],"curies":[{"name":"wp","href":"https:\/\/api.w.org\/{rel}","templated":true}]}}