{"id":109455,"date":"2025-12-17T23:27:12","date_gmt":"2025-12-17T23:27:12","guid":{"rendered":"https:\/\/www.europesays.com\/se\/109455\/"},"modified":"2025-12-17T23:27:12","modified_gmt":"2025-12-17T23:27:12","slug":"uppgifter-herman-liv-atervander-till-hv71","status":"publish","type":"post","link":"https:\/\/www.europesays.com\/se\/109455\/","title":{"rendered":"Uppgifter: Herman Liv \u00e5terv\u00e4nder till HV71"},"content":{"rendered":"<p><strong><a href=\"https:\/\/hockeysverige.se\/spelare\/herman-liv\" rel=\"nofollow noopener\" target=\"_blank\">Herman Liv<\/a> uppges ha gjort sitt val till n\u00e4sta s\u00e4song. <br \/>Enligt <a href=\"https:\/\/www.expressen.se\/sport\/hockey\/shl\/herman-liv-atervander-till-hv71\/\" rel=\"nofollow noopener\" target=\"_blank\">Expressen<\/a> \u00e4r han \u00f6verens om en \u00e5terkomst till moderklubben <a href=\"https:\/\/hockeysverige.se\/klubb\/hv71\" rel=\"nofollow noopener\" target=\"_blank\">HV71<\/a>. <\/strong><\/p>\n<p><img loading=\"lazy\" decoding=\"async\" width=\"1024\" height=\"658\" src=\"https:\/\/www.europesays.com\/se\/wp-content\/uploads\/2025\/12\/Herman-Liv-HV71-1024x658.webp.webp\" alt=\"Herman Liv. HV71. Stefan Liv.\" class=\"wp-image-337467\"  \/>Herman Liv uppges g\u00e5 i pappa Stefans fotsp\u00e5r. <strong>Foto: <\/strong>Bildbyr\u00e5n (Montage)<\/p>\n<p>Tidigare under dagen kom uppgifter fr\u00e5n <a href=\"https:\/\/www.na.se\/2025-12-17\/avslojar-ser-ut-att-fa-nobben-av-talangen\/\" rel=\"nofollow noopener\" target=\"_blank\">Nerikes Allehanda<\/a> att Herman Liv <a href=\"https:\/\/hockeysverige.se\/shl\/herman-liv-kan-lamna-orebro-uppgifter\/\" rel=\"nofollow noopener\" target=\"_blank\">nobbar en forts\u00e4ttning<\/a> i <a href=\"https:\/\/hockeysverige.se\/klubb\/orebro-hockey\" rel=\"nofollow noopener\" target=\"_blank\">\u00d6rebro<\/a>. <\/p>\n<p>Nu ser JVM-m\u00e5lvakten ut att ha gjort sitt val inf\u00f6r n\u00e4sta s\u00e4song. <\/p>\n<p>Under onsdagskv\u00e4llen uppger n\u00e4mligen Expressen att 19-\u00e5ringen ska vara \u00f6verens med HV71 till n\u00e4sta s\u00e4song. Enligt tidningen ska parterna ha enats om ett l\u00e4ngre kontrakt som g\u00e4ller oavsett division, <a href=\"https:\/\/hockeysverige.se\/shl\" rel=\"nofollow noopener\" target=\"_blank\">SHL<\/a> eller <a href=\"https:\/\/hockeysverige.se\/hockeyallsvenskan\" rel=\"nofollow noopener\" target=\"_blank\">HockeyAllsvenskan<\/a>. Just nu spelar Liv i Almtuna, dit han \u00e4r utl\u00e5nad fr\u00e5n \u00d6rebro, och har gjort succ\u00e9 d\u00e4r han \u00e4r med i toppen av HockeyAllsvenskans m\u00e5lvaktsliga. Nu ser han d\u00e5 ut att f\u00e5 g\u00f6ra ett steg upp\u00e5t i karri\u00e4ren. <\/p>\n<p>Herman Liv g\u00e5r i Stefan Livs fotsp\u00e5r<\/p>\n<p>Herman Liv \u00e4r son till HV71-legendaren Stefan Liv som tragiskt omkom i en flygolycka i september 2011. Pappa Stefan \u00e4r ansedd som en av Elitserien\/SHL:s b\u00e4sta m\u00e5lvakter n\u00e5gonsin och vann SM-guld med HV71 2004, 2008 och 2010. Stefan Liv var \u00e4ven med och vann b\u00e5de OS-guld och VM-guld med Tre Kronor 2006. Stefans tr\u00f6ja h\u00e4nger i taket av Husqvarna Garden och nummer 1 \u00e4r pensionerat i J\u00f6nk\u00f6pingsklubben. <\/p>\n<p>Sonen Herman inledde sin hockeykarri\u00e4r i HV71 men l\u00e4mnade sedan f\u00f6r spel i \u00d6rebro d\u00e4r han har tillbringat de senaste fyra \u00e5ren. Han \u00e4r just nu i Kanada och f\u00f6rbereder sig f\u00f6r att spela JVM med Sverige. Fr\u00e5n och med n\u00e4sta s\u00e4song uppges d\u00e4remot Herman Liv \u00e5terv\u00e4nda till moderklubben HV71 igen. <\/p>\n<p> Source: <a href=\"https:\/\/www.eliteprospects.com\/player\/796339\/herman-liv\" target=\"_blank\" rel=\"noopener noreferrer nofollow\">Herman Liv<\/a> @ Elite Prospects<\/p>\n","protected":false},"excerpt":{"rendered":"Herman Liv uppges ha gjort sitt val till n\u00e4sta s\u00e4song. Enligt Expressen \u00e4r han \u00f6verens om en \u00e5terkomst&hellip;\n","protected":false},"author":2,"featured_media":109456,"comment_status":"","ping_status":"","sticky":false,"template":"","format":"standard","meta":{"footnotes":""},"categories":[68],"tags":[34,133,134,111,110,31,33,32,30,355],"class_list":{"0":"post-109455","1":"post","2":"type-post","3":"status-publish","4":"format-standard","5":"has-post-thumbnail","7":"category-sport","8":"tag-se","9":"tag-second-news","10":"tag-shl","11":"tag-sport","12":"tag-sports","13":"tag-svenska","14":"tag-sverige","15":"tag-sweden","16":"tag-swedish","17":"tag-talang"},"share_on_mastodon":{"url":"https:\/\/pubeurope.com\/@se\/115737503067893412","error":""},"_links":{"self":[{"href":"https:\/\/www.europesays.com\/se\/wp-json\/wp\/v2\/posts\/109455","targetHints":{"allow":["GET"]}}],"collection":[{"href":"https:\/\/www.europesays.com\/se\/wp-json\/wp\/v2\/posts"}],"about":[{"href":"https:\/\/www.europesays.com\/se\/wp-json\/wp\/v2\/types\/post"}],"author":[{"embeddable":true,"href":"https:\/\/www.europesays.com\/se\/wp-json\/wp\/v2\/users\/2"}],"replies":[{"embeddable":true,"href":"https:\/\/www.europesays.com\/se\/wp-json\/wp\/v2\/comments?post=109455"}],"version-history":[{"count":0,"href":"https:\/\/www.europesays.com\/se\/wp-json\/wp\/v2\/posts\/109455\/revisions"}],"wp:featuredmedia":[{"embeddable":true,"href":"https:\/\/www.europesays.com\/se\/wp-json\/wp\/v2\/media\/109456"}],"wp:attachment":[{"href":"https:\/\/www.europesays.com\/se\/wp-json\/wp\/v2\/media?parent=109455"}],"wp:term":[{"taxonomy":"category","embeddable":true,"href":"https:\/\/www.europesays.com\/se\/wp-json\/wp\/v2\/categories?post=109455"},{"taxonomy":"post_tag","embeddable":true,"href":"https:\/\/www.europesays.com\/se\/wp-json\/wp\/v2\/tags?post=109455"}],"curies":[{"name":"wp","href":"https:\/\/api.w.org\/{rel}","templated":true}]}}