{"id":109457,"date":"2025-12-17T23:35:16","date_gmt":"2025-12-17T23:35:16","guid":{"rendered":"https:\/\/www.europesays.com\/se\/109457\/"},"modified":"2025-12-17T23:35:16","modified_gmt":"2025-12-17T23:35:16","slug":"uppgifter-herman-liv-kan-lamna-orebro","status":"publish","type":"post","link":"https:\/\/www.europesays.com\/se\/109457\/","title":{"rendered":"Uppgifter: Herman Liv kan l\u00e4mna \u00d6rebro"},"content":{"rendered":"<p><strong><a href=\"https:\/\/hockeysverige.se\/spelare\/herman-liv\" rel=\"nofollow noopener\" target=\"_blank\">Herman Liv<\/a> g\u00f6r succ\u00e9 under utl\u00e5ningen till Almtuna, men har utg\u00e5ende kontrakt med <a href=\"https:\/\/hockeysverige.se\/klubb\/orebro-hockey\" rel=\"nofollow noopener\" target=\"_blank\">\u00d6rebro<\/a>. <br \/>Nu uppger <a href=\"https:\/\/www.na.se\/2025-12-17\/avslojar-ser-ut-att-fa-nobben-av-talangen\/\" rel=\"nofollow noopener\" target=\"_blank\">Nerikes Allehanda<\/a> att talangen kan nobba en forts\u00e4ttning i SHL-klubben. <\/strong><\/p>\n<p><img loading=\"lazy\" decoding=\"async\" width=\"1024\" height=\"658\" src=\"https:\/\/www.europesays.com\/se\/wp-content\/uploads\/2025\/12\/Herman-Liv-1024x658.webp.webp\" alt=\"Herman Liv.\" class=\"wp-image-337421\"  \/>Herman Liv kan l\u00e4mna \u00d6rebro efter s\u00e4songen, enligt nya uppgifter. <strong>Foto: <\/strong>Bildbyr\u00e5n (Montage)<\/p>\n<p>2024 skrev Herman Liv sitt f\u00f6rsta A-lagskontrakt med \u00d6rebro men i fjol blev det inget spel i <a href=\"https:\/\/hockeysverige.se\/shl\" rel=\"nofollow noopener\" target=\"_blank\">SHL<\/a>. Inf\u00f6r \u00e5rets s\u00e4song valde \u00d6rebro sedan att l\u00e5na ut m\u00e5lvaktstalangen till <a href=\"https:\/\/hockeysverige.se\/klubb\/almtuna-is\" rel=\"nofollow noopener\" target=\"_blank\">Almtuna<\/a>. D\u00e4r har Liv sedan gjort succ\u00e9 med 91,1 i r\u00e4ddningsprocent och 2,45 GAA p\u00e5 14 matcher vilket g\u00f6r att han \u00e4r med i toppen av m\u00e5lvaktsligan i <a href=\"https:\/\/hockeysverige.se\/hockeyallsvenskan\" rel=\"nofollow noopener\" target=\"_blank\">HockeyAllsvenskan<\/a>. <\/p>\n<p>Efter s\u00e4songen l\u00f6per ocks\u00e5 19-\u00e5ringens tv\u00e5\u00e5rskontrakt med \u00d6rebro ut. Tidigare rapporter har gjort g\u00e4llande att \u00d6rebro avsett att f\u00f6rl\u00e4nga med Liv och lyfta upp honom till SHL n\u00e4sta s\u00e4song. Men nu uppges <a href=\"https:\/\/hockeysverige.se\/junior-vm\" rel=\"nofollow noopener\" target=\"_blank\">JVM<\/a>-m\u00e5lvakten och \u00d6rebro i st\u00e4llet vara l\u00e5ngt ifr\u00e5n en l\u00f6sning. <\/p>\n<p>Enligt Nerikes Allehanda g\u00e5r f\u00f6rhandlingarna tr\u00f6gt och i nul\u00e4get uppges Herman Liv nobba en forts\u00e4ttning i \u00d6rebro. <\/p>\n<p>\u2013 Signaler s\u00e4ger att \u00d6rebro har g\u00e5tt h\u00e5rt p\u00e5 att f\u00f6rs\u00f6ka sajna upp Herman Liv men inte kommit i m\u00e5l med det. Som jag har f\u00f6rst\u00e5tt det har det tagit stopp d\u00e4r, s\u00e4ger NA-reportern Lasse Wistr\u00f6m i podcasten <a href=\"https:\/\/poddtoppen.se\/podcast\/1672368600\/nedslapp-orebro\/132-laxfralla\" rel=\"nofollow noopener\" target=\"_blank\">\u201dNedsl\u00e4pp \u00d6rebro\u201d<\/a>. <\/p>\n<p>Podcast-kollegan David Hellsing fyller sedan i: <\/p>\n<p>\u2013 \u00d6rebro har sett Herman som sitt l\u00e5ngtidsprojekt. Men som det ser ut just nu lyckas man inte knyta till sig honom inf\u00f6r framtiden, trots att man har f\u00f6rs\u00f6kt. Det \u00e4r ett tungt slag f\u00f6r \u00d6rebro, s\u00e4ger Hellsing. <\/p>\n<p>\u201dL\u00e4tt att tro att HV71 \u00e4r med i bilden\u201d<\/p>\n<p>I st\u00e4llet uppges \u00d6rebro utforska m\u00f6jligheten att beh\u00e5lla samma m\u00e5lvaktspar med <a href=\"https:\/\/hockeysverige.se\/spelare\/jonas-arntzen\" rel=\"nofollow noopener\" target=\"_blank\">Jonas Arntzen<\/a> och <a href=\"https:\/\/hockeysverige.se\/spelare\/jhonas-enroth\" rel=\"nofollow noopener\" target=\"_blank\">Jhonas Enroth<\/a> \u00e4ven fram\u00f6ver. Enroth har just nu ett utg\u00e5ende kontrakt med \u00d6rebro och skulle i s\u00e5dana fall beh\u00f6va f\u00f6rl\u00e4nga f\u00f6r att stanna i klubben. Arntzen d\u00e4remot har ett l\u00e5ngtidskontrakt som inte l\u00f6per ut f\u00f6rr\u00e4n 2029. <\/p>\n<p>Var Herman Liv kommer att spela ifall han skulle l\u00e4mna \u00d6rebro \u00e4r i nul\u00e4get ok\u00e4nt. Men med tanke p\u00e5 hans framfart den h\u00e4r s\u00e4songen l\u00e4r det inte saknas intresse. Bland annat moderklubben <a href=\"https:\/\/hockeysverige.se\/klubb\/hv71\" rel=\"nofollow noopener\" target=\"_blank\">HV71<\/a> pekas ut som ett potentiellt alternativ. <\/p>\n<p>\u2013 Det \u00e4r ganska l\u00e4tt att tro att HV71 \u00e4r med i bilden d\u00e4r. Men det \u00e4r s\u00e4kert fler klubbar som \u00e4r intresserade d\u00e4r, s\u00e4ger Lasse Wistr\u00f6m. <\/p>\n<p>Herman Liv blev nyligen uttagen till Juniorkronornas JVM-trupp som en av tre m\u00e5lvakter. Han \u00e4r just nu i Kanada som en del av f\u00f6rberedelserna inf\u00f6r m\u00e4sterskapet. <\/p>\n<p>Senare under dagen kom \u00e4ven <a href=\"https:\/\/hockeysverige.se\/shl\/herman-liv-atervander-till-hv71-uppgifter\/\" rel=\"nofollow noopener\" target=\"_blank\">uppgifter om att Liv \u00e4r \u00f6verens med HV71<\/a> till n\u00e4sta s\u00e4song. <\/p>\n<p> Source: <a href=\"https:\/\/www.eliteprospects.com\/player\/796339\/herman-liv\" target=\"_blank\" rel=\"noopener noreferrer nofollow\">Herman Liv<\/a> @ Elite Prospects<\/p>\n","protected":false},"excerpt":{"rendered":"Herman Liv g\u00f6r succ\u00e9 under utl\u00e5ningen till Almtuna, men har utg\u00e5ende kontrakt med \u00d6rebro. Nu uppger Nerikes Allehanda&hellip;\n","protected":false},"author":2,"featured_media":109458,"comment_status":"","ping_status":"","sticky":false,"template":"","format":"standard","meta":{"footnotes":""},"categories":[68],"tags":[34,133,134,111,110,31,33,32,30,355],"class_list":{"0":"post-109457","1":"post","2":"type-post","3":"status-publish","4":"format-standard","5":"has-post-thumbnail","7":"category-sport","8":"tag-se","9":"tag-second-news","10":"tag-shl","11":"tag-sport","12":"tag-sports","13":"tag-svenska","14":"tag-sverige","15":"tag-sweden","16":"tag-swedish","17":"tag-talang"},"share_on_mastodon":{"url":"https:\/\/pubeurope.com\/@se\/115737534649638493","error":""},"_links":{"self":[{"href":"https:\/\/www.europesays.com\/se\/wp-json\/wp\/v2\/posts\/109457","targetHints":{"allow":["GET"]}}],"collection":[{"href":"https:\/\/www.europesays.com\/se\/wp-json\/wp\/v2\/posts"}],"about":[{"href":"https:\/\/www.europesays.com\/se\/wp-json\/wp\/v2\/types\/post"}],"author":[{"embeddable":true,"href":"https:\/\/www.europesays.com\/se\/wp-json\/wp\/v2\/users\/2"}],"replies":[{"embeddable":true,"href":"https:\/\/www.europesays.com\/se\/wp-json\/wp\/v2\/comments?post=109457"}],"version-history":[{"count":0,"href":"https:\/\/www.europesays.com\/se\/wp-json\/wp\/v2\/posts\/109457\/revisions"}],"wp:featuredmedia":[{"embeddable":true,"href":"https:\/\/www.europesays.com\/se\/wp-json\/wp\/v2\/media\/109458"}],"wp:attachment":[{"href":"https:\/\/www.europesays.com\/se\/wp-json\/wp\/v2\/media?parent=109457"}],"wp:term":[{"taxonomy":"category","embeddable":true,"href":"https:\/\/www.europesays.com\/se\/wp-json\/wp\/v2\/categories?post=109457"},{"taxonomy":"post_tag","embeddable":true,"href":"https:\/\/www.europesays.com\/se\/wp-json\/wp\/v2\/tags?post=109457"}],"curies":[{"name":"wp","href":"https:\/\/api.w.org\/{rel}","templated":true}]}}