{"id":109465,"date":"2025-12-17T23:55:33","date_gmt":"2025-12-17T23:55:33","guid":{"rendered":"https:\/\/www.europesays.com\/se\/109465\/"},"modified":"2025-12-17T23:55:33","modified_gmt":"2025-12-17T23:55:33","slug":"dilemmat-som-gorfreden-i-ukraina-sa-svar-att-na","status":"publish","type":"post","link":"https:\/\/www.europesays.com\/se\/109465\/","title":{"rendered":"Dilemmat som g\u00f6r\nfreden i Ukraina s\u00e5 sv\u00e5r att n\u00e5"},"content":{"rendered":"<p>Det \u00e4r problemet som \u00e4r s\u00e5 sv\u00e5rl\u00f6st i fredsplanen om Ukraina.<\/p>\n<p>Kalla det Beatles-dilemmat.<\/p>\n<p>Eh, vad\u00e5?<\/p>\n<p>Hello!<\/p>\n<p>Goodbye!<\/p>\n<p>H\u00e4r rammar Ukraina Putins skuggfartyg<\/p>\n<p>Detta \u00e4r en kommenterande text. Analys och st\u00e4llningstaganden \u00e4r skribentens.<\/p>\n<p><img loading=\"lazy\"   alt=\"\"\/><\/p>\n<p>Ukrainas president Volodymyr Zelenskyj.<\/p>\n<p>Foto: Ole Berg-Rusten \/ NTB TT NYHETSBYR\u00c5N<\/p>\n<p>\u00d6ppna bild i helsk\u00e4rm<img loading=\"lazy\"   alt=\"\"\/><\/p>\n<p>Rysslans president Vladimir Putin.<\/p>\n<p>Foto: AP\/TT NYHETSBYR\u00c5N<\/p>\n<p>\u00d6ppna bild i helsk\u00e4rm<img loading=\"lazy\"   alt=\"\"\/>\u00d6ppna bild i helsk\u00e4rm<img   alt=\"\"\/>Mats Larsson<\/p>\n<p>Ja, det handlar om de d\u00e4r f\u00f6rsta raderna i Beatles l\u00e5t \u201dHello, goodbye\u201d fr\u00e5n 1967:<\/p>\n<p>\u201dYou say, \u201dYes\u201d, I say, \u201dNo\u201d<\/p>\n<p>You say, \u201dStop\u201d and I say, \u201dGo, go, go\u201d<\/p>\n<p>Det \u00e4r bara byta ut orden, mot <a href=\"https:\/\/www.expressen.se\/tagg\/location\/ryssland\/\" class=\"\" rel=\"nofollow noopener\" target=\"_blank\">Ryssland<\/a> och Ukraina. F\u00f6r n\u00e4r Ukraina s\u00e4ger ja, s\u00e5 s\u00e4ger Ryssland nej. N\u00e4r Ukraina s\u00e4ger stopp, s\u00e5 s\u00e4ger Ryssland k\u00f6r!<\/p>\n<p>Det sammanfattar r\u00e4tt bra vad som g\u00f6r fredsekvationen s\u00e5 sv\u00e5r att l\u00f6sa, \u00e4ven om det nu tycks finnas en v\u00e4xande optimism efter tv\u00e5 dagars samtal mellan USA, Europa och Ukraina.<\/p>\n<p><strong>Det \u00e4r den optimismen som f\u00e5tt oljepriset att sjunka en del, och vapentillverkaren Saabs aktier att tappa i v\u00e4rde. Men vi \u00e4r f\u00f6rst\u00e5s inte i m\u00e5l \u00e4n, antagligen inte p\u00e5 l\u00e5nga v\u00e4gar.<\/strong><\/p>\n<p><strong>Det verkar dock som om Ukraina \u00e4r p\u00e5 v\u00e4g att f\u00e5 ungef\u00e4r de s\u00e4kerhetsgarantier de anser sig beh\u00f6va f\u00f6r att v\u00e5ga sluta ett fredsavtal med Ryssland.<\/strong><\/p>\n<p>Det talas om artikel 5-liknande garantier, det vill s\u00e4ga att b\u00e5de USA och Europa lovar komma till unds\u00e4ttning ifall Ryssland i framtiden skulle bryta mot fredsavtal och f\u00f6rnya sitt krig.<\/p>\n<p>Lite som Natos artikel 5 fast utanf\u00f6r Nato. Detaljerna \u00e4r inte offentligjorda men det tros handla om trupp fr\u00e5n europeiska l\u00e4nder utplacerade i v\u00e4stra Ukraina och amerikansk hj\u00e4lp p\u00e5 annat s\u00e4tt, som underr\u00e4ttelser och m\u00f6jligen flygunderst\u00f6d.\u00a0<\/p>\n<blockquote><p>Men fr\u00e5gan \u00e4r f\u00f6rst\u00e5s om ryssarna sv\u00e4ljer detta<\/p><\/blockquote>\n<p>Allt ska ratificeras av amerikansk senat och europeiska parlament. Det har f\u00f6rdelen att ge Ukraina st\u00f6d, utan att landet \u00e4r formellt medlem i Nato.<\/p>\n<p>Men fr\u00e5gan \u00e4r f\u00f6rst\u00e5s om ryssarna sv\u00e4ljer detta. Mycket tveksamt. Ryssland har exempelvis g\u00e5ng p\u00e5 g\u00e5ng gjort klart att inga soldater fr\u00e5n Nato-l\u00e4nder ska f\u00e5 utplaceras p\u00e5 ukrainsk mark.<\/p>\n<p>N\u00e4r Ryssland och Ukraina f\u00f6rde fredssamtal 2022 s\u00e5 kr\u00e4vde ocks\u00e5 Ryssland att Ukrainas arm\u00e9 skulle begr\u00e4nsas till runt 100 000 man.<\/p>\n<p>I de f\u00f6rhandlingar som nu f\u00f6rts mellan Ukraina, USA och Ukraina talas om 800 000 man. Kommer Putin att acceptera det?\u00a0<\/p>\n<p>Som sagt n\u00e4r Ukraina s\u00e4ger ja, s\u00e5 s\u00e4ger Ryssland i regel nej. Och vice versa.<\/p>\n<p>Ol\u00f6st \u2013 \u00e4ven efter de tv\u00e5 dagarna av f\u00f6rhandlingar \u2013 \u00e4r fr\u00e5gan om territorium. Zelenskyj har gjort klart att Ukraina inte \u00e4r villigt att l\u00e4mna ifr\u00e5n sig mark och st\u00e4der i Donetsk-regionen som Ryssland inte har kontrollen \u00f6ver.<\/p>\n<p>Ryssland \u2013 senast via vice utrikesminister Sergej Rjabkov \u2013 har gjort klart att detta \u00e4r n\u00e5got Moskva inte kan kompromissa om.<\/p>\n<p>Annons<\/p>\n<p>Det \u00e4r \u2013 i Putins upp och nedv\u00e4nda v\u00e4rld \u2013 redan ryskt omr\u00e5de som nu ockuperas av Ukraina. Detta eftersom Ryssland annekterat omr\u00e5det redan 2022 och h\u00e5llit \u201dfolkomr\u00f6stningar\u201d d\u00e4r.<\/p>\n<p>F\u00f6rslaget fr\u00e5n USA uppges g\u00e5 ut p\u00e5 att det omr\u00e5de som Ukraina skulle \u00f6verge, i st\u00e4llet f\u00f6rvandlas till en demilitariserad och ekonomisk frizon.<\/p>\n<p><strong>N\u00e5got som kanske Ryssland trots allt kan s\u00e4ga ja till, men allt tyder ocks\u00e5 p\u00e5 att det fortfarande \u00e4r ett ukrainskt nej.<\/strong><\/p>\n<p><strong>Och Vladimir Putin vill egentligen ha mer. I en intervju inf\u00f6r sitt bes\u00f6k i Indien nyligen talade Putin inte bara om Donbas utan \u00e4ven om Novorossija.<\/strong><\/p>\n<p>Till det som Ryssland kallar Novorossija h\u00f6r regionen Zaporizjzja och Cherson, \u00e4ven de regioner som Ryssland annekterat men d\u00e4r de bara har kontrollen \u00f6ver cirka 75 procent.<\/p>\n<p>Mer illavarslande \u00e4r att \u00e4ven hela Ukrainas kust mot Svarta havet \u2013 inklusive staden Odessa \u2013 h\u00f6r till det som Putin kallar Novorossija, omr\u00e5den som Ryssland er\u00f6vrade fr\u00e5n Ottomanska riket i slutet av 1700-talet.<\/p>\n<blockquote><p>Detta \u00e4r p\u00e5 m\u00e5nga s\u00e4tt en \u00f6desvecka f\u00f6r Europa<\/p><\/blockquote>\n<p>M\u00e5nga europeiska ledare har uttryckt optimism efter samtalen i s\u00f6ndags och m\u00e5ndags, men det handlar mycket om att USA h\u00e5rdare f\u00f6rband sig kring s\u00e4kerhetsgarantierna.<\/p>\n<p>Nu ska det f\u00f6rslag som f\u00f6rhandlades fram s\u00e4ndas till Moskva. Signalerna d\u00e4rifr\u00e5n har hittills varit p\u00e5 temat: Ja, men&#8230;<\/p>\n<p>Ett \u201dmen\u201d som sedan i praktiken g\u00f6r en uppg\u00f6relse om\u00f6jligt. Vi f\u00e5r se.<\/p>\n<p>Detta \u00e4r p\u00e5 m\u00e5nga s\u00e4tt en \u00f6desvecka f\u00f6r Europa. Den kritiska fr\u00e5gan om hur Europa ska kunna ge Ukraina finansiellt st\u00f6d de kommande \u00e5ren st\u00e5r p\u00e5 agendan vid EU-toppm\u00f6tet i Bryssel.<\/p>\n<p>Huvudf\u00f6rslaget handlar om att anv\u00e4nda frysta ryska tillg\u00e5ngar som garanti f\u00f6r r\u00e4ntefria l\u00e5n till Ukraina \u2013 men n\u00e5gon enighet finns \u00e4nnu inte.<\/p>\n<p>Ett misslyckande vore riktigt d\u00e5liga nyheter b\u00e5de f\u00f6r Europa och f\u00f6r Ukraina. Men goda nyheter f\u00f6r Ryssland.<\/p>\n<p>Som s\u00e4ger stopp, n\u00e4r Ukraina s\u00e4ger, k\u00f6r, k\u00f6r, k\u00f6r.<\/p>\n<p><img alt=\"\"\/>Ljudklippet gick inte att spela upp<\/p>\n<p>F\u00f6rs\u00f6k igen senare<\/p>\n","protected":false},"excerpt":{"rendered":"Det \u00e4r problemet som \u00e4r s\u00e5 sv\u00e5rl\u00f6st i fredsplanen om Ukraina. Kalla det Beatles-dilemmat. Eh, vad\u00e5? Hello! Goodbye!&hellip;\n","protected":false},"author":2,"featured_media":109466,"comment_status":"","ping_status":"","sticky":false,"template":"","format":"standard","meta":{"footnotes":""},"categories":[14],"tags":[22,23,26,27,17,21,24,25,274,202,28,29,15,276,16,18,34,1492,31,33,32,30,19,60,20,51,52,53,54],"class_list":{"0":"post-109465","1":"post","2":"type-post","3":"status-publish","4":"format-standard","5":"has-post-thumbnail","7":"category-varlden","8":"tag-breaking-news","9":"tag-breakingnews","10":"tag-featured-news","11":"tag-featurednews","12":"tag-headlines","13":"tag-huvudnyheter","14":"tag-latest-news","15":"tag-latestnews","16":"tag-location-ryssland","17":"tag-location-ukraina","18":"tag-main-news","19":"tag-mainnews","20":"tag-news","21":"tag-newsstory-kriget-i-ukraina","22":"tag-nyheter","23":"tag-rubriker","24":"tag-se","25":"tag-sections-matslarsson","26":"tag-svenska","27":"tag-sverige","28":"tag-sweden","29":"tag-swedish","30":"tag-top-stories","31":"tag-topic-krig-konflikt","32":"tag-topstories","33":"tag-varlden","34":"tag-world","35":"tag-world-news","36":"tag-worldnews"},"share_on_mastodon":{"url":"https:\/\/pubeurope.com\/@se\/115737612991940005","error":""},"_links":{"self":[{"href":"https:\/\/www.europesays.com\/se\/wp-json\/wp\/v2\/posts\/109465","targetHints":{"allow":["GET"]}}],"collection":[{"href":"https:\/\/www.europesays.com\/se\/wp-json\/wp\/v2\/posts"}],"about":[{"href":"https:\/\/www.europesays.com\/se\/wp-json\/wp\/v2\/types\/post"}],"author":[{"embeddable":true,"href":"https:\/\/www.europesays.com\/se\/wp-json\/wp\/v2\/users\/2"}],"replies":[{"embeddable":true,"href":"https:\/\/www.europesays.com\/se\/wp-json\/wp\/v2\/comments?post=109465"}],"version-history":[{"count":0,"href":"https:\/\/www.europesays.com\/se\/wp-json\/wp\/v2\/posts\/109465\/revisions"}],"wp:featuredmedia":[{"embeddable":true,"href":"https:\/\/www.europesays.com\/se\/wp-json\/wp\/v2\/media\/109466"}],"wp:attachment":[{"href":"https:\/\/www.europesays.com\/se\/wp-json\/wp\/v2\/media?parent=109465"}],"wp:term":[{"taxonomy":"category","embeddable":true,"href":"https:\/\/www.europesays.com\/se\/wp-json\/wp\/v2\/categories?post=109465"},{"taxonomy":"post_tag","embeddable":true,"href":"https:\/\/www.europesays.com\/se\/wp-json\/wp\/v2\/tags?post=109465"}],"curies":[{"name":"wp","href":"https:\/\/api.w.org\/{rel}","templated":true}]}}