{"id":109473,"date":"2025-12-18T00:17:09","date_gmt":"2025-12-18T00:17:09","guid":{"rendered":"https:\/\/www.europesays.com\/se\/109473\/"},"modified":"2025-12-18T00:17:09","modified_gmt":"2025-12-18T00:17:09","slug":"peter-andersson-om-vasteras-vi-har-jatteproblem-i-klubben","status":"publish","type":"post","link":"https:\/\/www.europesays.com\/se\/109473\/","title":{"rendered":"Peter Andersson om V\u00e4ster\u00e5s: &#8221;Vi har j\u00e4tteproblem i klubben&#8221;"},"content":{"rendered":"<p><strong><a href=\"https:\/\/hockeysverige.se\/klubb\/vasteras-ik\" rel=\"nofollow noopener\" target=\"_blank\">V\u00e4ster\u00e5s IK<\/a> g\u00e5r tungt b\u00e5de ekonomiskt och sportsligt. <br \/>Tr\u00e4naren Peter Andersson h\u00e5ller inte igen efter kv\u00e4llens f\u00f6rlust mot <a href=\"https:\/\/hockeysverige.se\/klubb\/modo-hockey\" rel=\"nofollow noopener\" target=\"_blank\">MoDo<\/a>. <br \/>\u2013 Vi har j\u00e4tteproblem i klubben, s\u00e4ger Andersson till TV4. <\/strong><\/p>\n<p><img loading=\"lazy\" decoding=\"async\" width=\"1024\" height=\"658\" src=\"https:\/\/www.europesays.com\/se\/wp-content\/uploads\/2025\/12\/Peter-Andersson-VIK-1024x658.webp.webp\" alt=\"Peter Andersson V\u00e4ster\u00e5s.\" class=\"wp-image-337601\" style=\"width:1024px;height:auto\"  \/>Peter Andersson \u00e4r uppgiven \u00f6ver V\u00e4ster\u00e5s situation. <strong>Foto:<\/strong> Jesper Zerman\/Bildbyr\u00e5n<\/p>\n<p>Efter kv\u00e4llens 3-2-f\u00f6rlust borta mot MoDo har V\u00e4ster\u00e5s nu f\u00f6rlorat alla sina senaste tio matcher. De tangerar d\u00e4rmed klubbrekordet f\u00f6r flest antal f\u00f6rluster i rad. Klubben ligger d\u00e4rmed n\u00e4st sist i HockeyAllsvenskan med bara 27 po\u00e4ng efter 29 matcher. <\/p>\n<p>Samtidigt har klubben stora ekonomiska bekymmer. Nyligen uttalade sig ordf\u00f6randen Caroline Moselius i <a href=\"https:\/\/open.spotify.com\/episode\/4JdIsFNMCiqkjbCxEJbt53?si=a9f6002c3f624668&amp;nd=1&amp;dlsi=3e73790d2eb94336\" rel=\"nofollow noopener\" target=\"_blank\">klubbens egna kanaler<\/a> att VIK g\u00e5r mot ett minusresultat f\u00f6r andra \u00e5ret i rad. I s\u00e5dana fall skulle V\u00e4ster\u00e5s riskera sin elitlicens och tvingas f\u00e5 dispens f\u00f6r att ens forts\u00e4tta spela i <a href=\"https:\/\/hockeysverige.se\/hockeyallsvenskan\" rel=\"nofollow noopener\" target=\"_blank\">HockeyAllsvenskan<\/a>. <\/p>\n<p>Peter Andersson kritiserar V\u00e4ster\u00e5s: \u201dStyrelsefr\u00e5ga\u201d<\/p>\n<p>Klubben har allts\u00e5 en tuff situation samtidigt som laget g\u00e5r oerh\u00f6rt tungt p\u00e5 isen och \u00e4ven riskerar nedflyttning sportsligt eftersom de just nu ligger p\u00e5 kvalplats. Under den r\u00e5dande situationen har V\u00e4ster\u00e5s ocks\u00e5 ett stort antal spelare p\u00e5 fr\u00e5nvarolistan och nyligen gick klubben ocks\u00e5 skilda v\u00e4gar med <a href=\"https:\/\/hockeysverige.se\/spelare\/hugo-lejon\" rel=\"nofollow noopener\" target=\"_blank\">Hugo Lejon<\/a>, som i st\u00e4llet gick till Vimmerby. <\/p>\n<p>Efter kv\u00e4llens f\u00f6rlust mot MoDo fick tr\u00e4naren Peter Andersson fr\u00e5gan om han vill att klubben agerar genom att f\u00f6rst\u00e4rka truppen.<\/p>\n<p>\u2013 Det \u00e4r en styrelsefr\u00e5ga, svarar Andersson kort. <\/p>\n<p>Sedan breder tr\u00e4naren ut sitt svar och \u00e4r \u00e4ven kritisk mot klubben. <\/p>\n<p>\u2013 Det \u00e4r sv\u00e5rt att handla p\u00e5 Ica om du inte har n\u00e5gra pengar, s\u00e4ger Peter Andersson f\u00f6rst sk\u00e4mtsamt innan han forts\u00e4tter: <br \/>\u2013 Vi framf\u00f6r ju vad vi tycker till v\u00e5ra n\u00e4rmaste medarbetare, sedan \u00e4r det upp till dem om de vill samma sak som oss eller hur situationen ser ut. Jag t\u00e4nker inte st\u00e5 och hymla h\u00e4r utan vi har j\u00e4tteproblem i klubben. Vi m\u00e5ste p\u00e5 n\u00e5got s\u00e4tt f\u00f6rs\u00f6ka l\u00f6sa det.<\/p>\n<p>\u201dSl\u00e4nger klubben under bussen\u201d<\/p>\n<p>I eftersnacket diskuterades sedan Peter Anderssons uttalande av kommentatorn Lars Lindberg och expertkommentatorn Per Svartvadet. <\/p>\n<p>\u2013 Han sl\u00e4nger v\u00e4l \u00e4nd\u00e5 lite klubben under bussen d\u00e4r?, fr\u00e5gar Lindberg till Svartvadet som sedan svarar: <br \/>\u2013 Det \u00e4r klart att en tr\u00e4nare vill alltid ha s\u00e5 mycket bra spelare som m\u00f6jligt men styrelsen f\u00f6rs\u00f6ker bromsa det p\u00e5 n\u00e5got s\u00e4tt. Men om det inte finns pengar, d\u00e5 finns det inte pengar. D\u00e5 f\u00e5r man g\u00e5 externt och ragga pengar, sedan m\u00e5ste man ju hitta spelare ocks\u00e5. Det finns spelare som kan vara billigare \u00e4n man tror.<\/p>\n<p>V\u00e4ster\u00e5s IK har i nul\u00e4get fem po\u00e4ng upp till Almtuna och Vimmerby p\u00e5 s\u00e4ker mark. <\/p>\n<p> Source: <a href=\"https:\/\/www.eliteprospects.com\/league\/hockeyallsvenskan\" target=\"_blank\" rel=\"noopener noreferrer nofollow\">HOCKEYALLSVENSKAN League Page<\/a> @ Elite Prospects<\/p>\n","protected":false},"excerpt":{"rendered":"V\u00e4ster\u00e5s IK g\u00e5r tungt b\u00e5de ekonomiskt och sportsligt. Tr\u00e4naren Peter Andersson h\u00e5ller inte igen efter kv\u00e4llens f\u00f6rlust mot&hellip;\n","protected":false},"author":2,"featured_media":109474,"comment_status":"","ping_status":"","sticky":false,"template":"","format":"standard","meta":{"footnotes":""},"categories":[68],"tags":[621,34,111,110,31,33,32,30,379],"class_list":{"0":"post-109473","1":"post","2":"type-post","3":"status-publish","4":"format-standard","5":"has-post-thumbnail","7":"category-sport","8":"tag-hockeyallsvenskan","9":"tag-se","10":"tag-sport","11":"tag-sports","12":"tag-svenska","13":"tag-sverige","14":"tag-sweden","15":"tag-swedish","16":"tag-top-article"},"share_on_mastodon":{"url":"https:\/\/pubeurope.com\/@se\/115737699679301020","error":""},"_links":{"self":[{"href":"https:\/\/www.europesays.com\/se\/wp-json\/wp\/v2\/posts\/109473","targetHints":{"allow":["GET"]}}],"collection":[{"href":"https:\/\/www.europesays.com\/se\/wp-json\/wp\/v2\/posts"}],"about":[{"href":"https:\/\/www.europesays.com\/se\/wp-json\/wp\/v2\/types\/post"}],"author":[{"embeddable":true,"href":"https:\/\/www.europesays.com\/se\/wp-json\/wp\/v2\/users\/2"}],"replies":[{"embeddable":true,"href":"https:\/\/www.europesays.com\/se\/wp-json\/wp\/v2\/comments?post=109473"}],"version-history":[{"count":0,"href":"https:\/\/www.europesays.com\/se\/wp-json\/wp\/v2\/posts\/109473\/revisions"}],"wp:featuredmedia":[{"embeddable":true,"href":"https:\/\/www.europesays.com\/se\/wp-json\/wp\/v2\/media\/109474"}],"wp:attachment":[{"href":"https:\/\/www.europesays.com\/se\/wp-json\/wp\/v2\/media?parent=109473"}],"wp:term":[{"taxonomy":"category","embeddable":true,"href":"https:\/\/www.europesays.com\/se\/wp-json\/wp\/v2\/categories?post=109473"},{"taxonomy":"post_tag","embeddable":true,"href":"https:\/\/www.europesays.com\/se\/wp-json\/wp\/v2\/tags?post=109473"}],"curies":[{"name":"wp","href":"https:\/\/api.w.org\/{rel}","templated":true}]}}