{"id":109497,"date":"2025-12-18T01:56:22","date_gmt":"2025-12-18T01:56:22","guid":{"rendered":"https:\/\/www.europesays.com\/se\/109497\/"},"modified":"2025-12-18T01:56:22","modified_gmt":"2025-12-18T01:56:22","slug":"andreas-nordebacks-skrackskada-fingret-hangde-av-vintersport","status":"publish","type":"post","link":"https:\/\/www.europesays.com\/se\/109497\/","title":{"rendered":"Andreas Nordeb\u00e4cks skr\u00e4ckskada: \u201dFingret h\u00e4ngde av\u201d | Vintersport"},"content":{"rendered":"<p>Publicerad 16 dec 2025 kl 17.29<\/p>\n<p>Fingret h\u00e4ngde n\u00e4stan av och blodet forsade.\u00a0<\/p>\n<p>Men Andreas Nordeb\u00e4ck k\u00f6rde p\u00e5.\u00a0<\/p>\n<p>\u2013 Det var ett av mina b\u00e4ttre \u00e5k, s\u00e4ger han.\u00a0<\/p>\n<p>Senaste sportklippen fr\u00e5n Expressen.<img   alt=\"\"\/><\/p>\n<p>Andreas Nordeb\u00e4ck.<\/p>\n<p>Foto: Lars Schr\u00f6der\/TT \/ TT NYHETSBYR\u00c5N<\/p>\n<p>\u00d6ppna bild i helsk\u00e4rm<img loading=\"lazy\"   alt=\"\"\/> <\/p>\n<p>Foto: Privat<\/p>\n<p>\u00d6ppna bild i helsk\u00e4rm<img loading=\"lazy\"   alt=\"\"\/> <\/p>\n<p>Foto: Privat<\/p>\n<p>\u00d6ppna bild i helsk\u00e4rm<\/p>\n<p>Den 21-\u00e5rige konst\u00e5karen Andreas Nordeb\u00e4ck slutade p\u00e5 en 17:e plats VM i v\u00e5ras och s\u00e4krade d\u00e4rmed en svensk OS-plats.\u00a0<\/p>\n<p>Den f\u00e5r han nu, meddelade Sveriges olympiska kommitt\u00e9 under tisdagen.\u00a0<\/p>\n<p>\u2013 Jag var inte alls beredd p\u00e5 det. Jag har fortfarande inte fattat det faktiskt, men det sjunker nog in snart, s\u00e4ger Nordeb\u00e4ck med ett leende.\u00a0<\/p>\n<p>S\u00e4songen hittills har varit upp och ner.\u00a0<\/p>\n<p>Den b\u00f6rjade med ett rej\u00e4lt uppsving n\u00e4r han i november slutade nia p\u00e5 en GP-t\u00e4vling i Helsingfors. Detta trots att han \u00e5kte runt blodig p\u00e5 isen.\u00a0<\/p>\n<p>Nordeb\u00e4ck skar upp fingret p\u00e5 uppv\u00e4rmningen.\u00a0<\/p>\n<p>\u2013 Jag vet inte riktigt vad som h\u00e4nde men jag f\u00f6ll p\u00e5 en kvadrupel, och skar mig p\u00e5 skenan. Halva fingret h\u00e4ngde n\u00e4stan av, s\u00e4ger Nordeb\u00e4ck.\u00a0<\/p>\n<p><img loading=\"lazy\"   alt=\"\"\/><\/p>\n<p>Andreas Nordeb\u00e4ck.<\/p>\n<p>Foto: NISSE NILSSON \/ STELLA PICTURES<\/p>\n<p>\u00d6ppna bild i helsk\u00e4rm<\/p>\n<p><strong>Men du \u00e5kte \u00e4nd\u00e5?\u00a0<\/strong><\/p>\n<p>\u2013 Jag fick tejpa och bandagera rej\u00e4lt. Men det var blod \u00f6verallt. De fick skrapa bort det fr\u00e5n isen efter mitt \u00e5k. Jag var egentligen inte s\u00e5 orolig f\u00f6r fingret, utan mer att min dr\u00e4kt skulle f\u00e5 massa blod p\u00e5 sig. Jag k\u00e4nde mig helt yr men p\u00e5 n\u00e5got s\u00e4tt l\u00f6ste jag det. Det var ett av mina b\u00e4ttre \u00e5k.\u00a0<\/p>\n<p>Siktar p\u00e5 OS-final\u00a0<\/p>\n<p>Han fick sy fast fingret och har i dag ett \u00e4rr. Annars har 21-\u00e5ringen inga men kvar fr\u00e5n incidenten.\u00a0<\/p>\n<p><strong>Men om det var ett av dina b\u00e4ttre \u00e5k f\u00e5r du sikta p\u00e5 liknande uppl\u00e4gg i OS?\u00a0<\/strong><\/p>\n<p>\u2013 Haha ja, jag f\u00e5r hitta n\u00e5got s\u00e4tt.\u00a0<\/p>\n<p>Nordeb\u00e4ck, som nyligen vann SM-guld, \u00e5ker till Milano med m\u00e5ls\u00e4ttningen att ta sig till final.\u00a0<\/p>\n<p>\u2013 Jag har \u00e4nd\u00e5 visat att jag \u00e5ker starkt i \u00e5r. Jag visar b\u00e4ttre resultat och allt kan h\u00e4nda. Jag tror att jag absolut har bra chanser att bli topp tolv.\u00a0<\/p>\n","protected":false},"excerpt":{"rendered":"Publicerad 16 dec 2025 kl 17.29 Fingret h\u00e4ngde n\u00e4stan av och blodet forsade.\u00a0 Men Andreas Nordeb\u00e4ck k\u00f6rde p\u00e5.\u00a0&hellip;\n","protected":false},"author":2,"featured_media":109498,"comment_status":"","ping_status":"","sticky":false,"template":"","format":"standard","meta":{"footnotes":""},"categories":[68],"tags":[34,1464,111,110,31,33,32,30],"class_list":{"0":"post-109497","1":"post","2":"type-post","3":"status-publish","4":"format-standard","5":"has-post-thumbnail","7":"category-sport","8":"tag-se","9":"tag-sections-vintersport","10":"tag-sport","11":"tag-sports","12":"tag-svenska","13":"tag-sverige","14":"tag-sweden","15":"tag-swedish"},"share_on_mastodon":{"url":"https:\/\/pubeurope.com\/@se\/115738088772103850","error":""},"_links":{"self":[{"href":"https:\/\/www.europesays.com\/se\/wp-json\/wp\/v2\/posts\/109497","targetHints":{"allow":["GET"]}}],"collection":[{"href":"https:\/\/www.europesays.com\/se\/wp-json\/wp\/v2\/posts"}],"about":[{"href":"https:\/\/www.europesays.com\/se\/wp-json\/wp\/v2\/types\/post"}],"author":[{"embeddable":true,"href":"https:\/\/www.europesays.com\/se\/wp-json\/wp\/v2\/users\/2"}],"replies":[{"embeddable":true,"href":"https:\/\/www.europesays.com\/se\/wp-json\/wp\/v2\/comments?post=109497"}],"version-history":[{"count":0,"href":"https:\/\/www.europesays.com\/se\/wp-json\/wp\/v2\/posts\/109497\/revisions"}],"wp:featuredmedia":[{"embeddable":true,"href":"https:\/\/www.europesays.com\/se\/wp-json\/wp\/v2\/media\/109498"}],"wp:attachment":[{"href":"https:\/\/www.europesays.com\/se\/wp-json\/wp\/v2\/media?parent=109497"}],"wp:term":[{"taxonomy":"category","embeddable":true,"href":"https:\/\/www.europesays.com\/se\/wp-json\/wp\/v2\/categories?post=109497"},{"taxonomy":"post_tag","embeddable":true,"href":"https:\/\/www.europesays.com\/se\/wp-json\/wp\/v2\/tags?post=109497"}],"curies":[{"name":"wp","href":"https:\/\/api.w.org\/{rel}","templated":true}]}}