{"id":109520,"date":"2025-12-18T03:04:07","date_gmt":"2025-12-18T03:04:07","guid":{"rendered":"https:\/\/www.europesays.com\/se\/109520\/"},"modified":"2025-12-18T03:04:07","modified_gmt":"2025-12-18T03:04:07","slug":"donald-trump-haller-tal-till-nationen","status":"publish","type":"post","link":"https:\/\/www.europesays.com\/se\/109520\/","title":{"rendered":"Donald Trump h\u00e5ller tal till nationen"},"content":{"rendered":"<p>Talet startade klockan 21 lokal tid, klockan 03 svensk tid.<\/p>\n<p>Donald Trump \u00e4gnade flera minuter \u00e5t att lista de misstag som han anser gjordes under Bidens tid som president, s\u00e5som \u201d\u00f6ppna\u201d gr\u00e4nser, transpersoner inom damidrott, brottslighet, de \u201dv\u00e4rsta handelsavtalen som n\u00e5gonsin tecknats\u201d och en \u201dsjuk och korrupt\u201d federal regering.<\/p>\n<p>Trump s\u00e4ger att sedan han \u00e5terv\u00e4nde till presidentposten \u201dhar vi p\u00e5 n\u00e5gra f\u00e5 m\u00e5nader g\u00e5tt fr\u00e5n det v\u00e4rsta till det b\u00e4sta\u201d.<\/p>\n<p>\u2013 Under de senaste elva m\u00e5naderna har vi \u00e5stadkommit mer framg\u00e5ng i Washington \u00e4n n\u00e5gon annan administration i amerikansk historia.<\/p>\n<p>Insisterar p\u00e5 ekonomiska framsteg<\/p>\n<p>Ett stort fokus under talet var landets ekonomi, d\u00e4r Donald Trump lovade en \u201daldrig tidigare sk\u00e5dad\u201d ekonomisk uppg\u00e5ng under n\u00e4sta \u00e5r.<\/p>\n<p>Enligt honom beror en stor del av hans upplevda framg\u00e5ngar p\u00e5 hans h\u00e5rda tullpolitik.<\/p>\n<p>\u2013 Mitt favoritord, tullar, som i m\u00e5nga decennier har anv\u00e4nts av andra l\u00e4nder mot oss, g\u00f6r inte det l\u00e4ngre, sa Trump och fortsatte:<\/p>\n<p>\u2013 F\u00f6retag vet att om de producerar i USA s\u00e5 blir det inga tullar, varf\u00f6r det nu byggs fabriker och anl\u00e4ggningar i USA p\u00e5 niv\u00e5er vi inte har sett tidigare.<\/p>\n<p>Men f\u00e4rska opinionsunders\u00f6kningar visar att v\u00e4ljarna \u00e4r missn\u00f6jda med administrationens hantering av ekonomin. Inflationen har p\u00e5 senaste tiden \u00f6kat, och Trumps tullar har i st\u00e4llet h\u00f6jt priserna f\u00f6r vanliga amerikaner, rapporterar <a href=\"https:\/\/www.nbcnews.com\/politics\/trump-administration\/live-blog\/live-updates-trump-set-deliver-national-address-fcc-chair-testify-sena-rcna249040\/rcrd94683?canonicalCard=true\" rel=\"nofollow noopener\" target=\"_blank\">NBC News.<\/a><\/p>\n<p>Inf\u00f6r talet fanns det spekulationer om att Trump skulle kunna g\u00f6ra ett tillk\u00e4nnagivande om Venezuela, men inget s\u00e5dant togs upp.<\/p>\n<p>Texten uppdateras.<\/p>\n","protected":false},"excerpt":{"rendered":"Talet startade klockan 21 lokal tid, klockan 03 svensk tid. Donald Trump \u00e4gnade flera minuter \u00e5t att lista&hellip;\n","protected":false},"author":2,"featured_media":793,"comment_status":"","ping_status":"","sticky":false,"template":"","format":"standard","meta":{"footnotes":""},"categories":[14],"tags":[22,23,26,27,17,21,24,25,28,29,15,16,18,34,31,33,32,30,19,20,51,52,53,54],"class_list":{"0":"post-109520","1":"post","2":"type-post","3":"status-publish","4":"format-standard","5":"has-post-thumbnail","7":"category-varlden","8":"tag-breaking-news","9":"tag-breakingnews","10":"tag-featured-news","11":"tag-featurednews","12":"tag-headlines","13":"tag-huvudnyheter","14":"tag-latest-news","15":"tag-latestnews","16":"tag-main-news","17":"tag-mainnews","18":"tag-news","19":"tag-nyheter","20":"tag-rubriker","21":"tag-se","22":"tag-svenska","23":"tag-sverige","24":"tag-sweden","25":"tag-swedish","26":"tag-top-stories","27":"tag-topstories","28":"tag-varlden","29":"tag-world","30":"tag-world-news","31":"tag-worldnews"},"share_on_mastodon":{"url":"https:\/\/pubeurope.com\/@se\/115738356166465916","error":""},"_links":{"self":[{"href":"https:\/\/www.europesays.com\/se\/wp-json\/wp\/v2\/posts\/109520","targetHints":{"allow":["GET"]}}],"collection":[{"href":"https:\/\/www.europesays.com\/se\/wp-json\/wp\/v2\/posts"}],"about":[{"href":"https:\/\/www.europesays.com\/se\/wp-json\/wp\/v2\/types\/post"}],"author":[{"embeddable":true,"href":"https:\/\/www.europesays.com\/se\/wp-json\/wp\/v2\/users\/2"}],"replies":[{"embeddable":true,"href":"https:\/\/www.europesays.com\/se\/wp-json\/wp\/v2\/comments?post=109520"}],"version-history":[{"count":0,"href":"https:\/\/www.europesays.com\/se\/wp-json\/wp\/v2\/posts\/109520\/revisions"}],"wp:featuredmedia":[{"embeddable":true,"href":"https:\/\/www.europesays.com\/se\/wp-json\/wp\/v2\/media\/793"}],"wp:attachment":[{"href":"https:\/\/www.europesays.com\/se\/wp-json\/wp\/v2\/media?parent=109520"}],"wp:term":[{"taxonomy":"category","embeddable":true,"href":"https:\/\/www.europesays.com\/se\/wp-json\/wp\/v2\/categories?post=109520"},{"taxonomy":"post_tag","embeddable":true,"href":"https:\/\/www.europesays.com\/se\/wp-json\/wp\/v2\/tags?post=109520"}],"curies":[{"name":"wp","href":"https:\/\/api.w.org\/{rel}","templated":true}]}}