{"id":109521,"date":"2025-12-18T03:13:26","date_gmt":"2025-12-18T03:13:26","guid":{"rendered":"https:\/\/www.europesays.com\/se\/109521\/"},"modified":"2025-12-18T03:13:26","modified_gmt":"2025-12-18T03:13:26","slug":"ukraina-usa-pressar-eu-om-ryska-tillgangar-hufvudstadsbladet","status":"publish","type":"post","link":"https:\/\/www.europesays.com\/se\/109521\/","title":{"rendered":"Ukraina: USA pressar EU om ryska tillg\u00e5ngar &#8211; Hufvudstadsbladet"},"content":{"rendered":"<ol>\n<li><a href=\"https:\/\/news.google.com\/rss\/articles\/CBMiekFVX3lxTFBIeV9ORHc4bkVmWXlkSjhXcXhRSllVRUZreGdETXpkZ1lCYWJ1YkZFMlozaDkxM0duOXFMRTlsRDZFYV9nN3h6VG5SeXVUT3Y1ZldlWFpWcllncjJMQ2xVcUVURktaNzNucjJYMGU4OHZfYnRvVndfenpR?oc=5\" target=\"_blank\" rel=\"nofollow noopener\">Ukraina: USA pressar EU om ryska tillg\u00e5ngar<\/a>&nbsp;&nbsp;Hufvudstadsbladet<\/li>\n<li><a href=\"https:\/\/news.google.com\/rss\/articles\/CBMiqAFBVV95cUxNUExtdWhJaVlDcFpnbTRMMVEtcEd0SGFZczZ6NGpBQ01fbGlzMXRQV3Q5V1lUYlFFc25XZjRXUWN4amF4TXE1eU1BNFZDME1uZE4zSDhvZE5GY0V2T3l0UGtrMjhpLS1wUUFxMWNHNnNJYXgzREplWTJHeVZtLXpnbkhXSGxuWGlDcFctNzFfNU5KU01aVEFyblFmNVNWOG5pblIwTFVaZ1A?oc=5\" target=\"_blank\" rel=\"nofollow noopener\">Topparna hotas av Ryssland \u2013 f\u00f6r att stoppa pengar till Ukraina<\/a>&nbsp;&nbsp;Aftonbladet<\/li>\n<li><a href=\"https:\/\/news.google.com\/rss\/articles\/CBMilAFBVV95cUxQeHh3M1lmU3JxamtuVFBLbWtrLU04aTBGam93aEtmeEZjdXhvTjU2eTRsTTVKTGQ3TFlXZ1hzWTlxOE9VNzdiUHByTFVDb2c4QnJ5a09lMlpacHEybHZhOWpXTTJOd2hsXzhrUWxKUVZjc2Qyb1IwNkI3amJHekZUZmRvamZGSzR0cVdLQXlrVDFjek45?oc=5\" target=\"_blank\" rel=\"nofollow noopener\">Varningen inf\u00f6r \u00f6desm\u00f6tet: \u201dEn katastrof f\u00f6r alla\u201d<\/a>&nbsp;&nbsp;Expressen<\/li>\n<li><a href=\"https:\/\/news.google.com\/rss\/articles\/CBMiigFBVV95cUxOWXJtZEVkQWlOQzlxOXVNSEVTOVhJQ0Y3RUZVeXRnd3NKX1JZS3loTUNMc1hZcVgtY3UyQ1lLOVVoTVN1Uy1DdGxHOXlyVWNrSHJuaUtiUmlFdWluQmhvR3I3d3E1Nk43UnhHT1paZlpnTllUU3JkcF9wZlpoN2tCWEtpOHB6YTBuQ0E?oc=5\" target=\"_blank\" rel=\"nofollow noopener\">Mordhot pressar bank med frysta ryska pengar<\/a>&nbsp;&nbsp;SvD<\/li>\n<li><a href=\"https:\/\/news.google.com\/rss\/articles\/CBMimAFBVV95cUxONWM5Ym5yVFJfdkVrUTBOd0o0bUN4OVhma3NkYkhZQXFENnVSNUtGUnhBcDVLM2JnQW43UUNCbzRiUi1VRVA2QUhQcm1yQl83cTRVUUFvdEtYY2NaSExrOF9tdmx6NmxVOFpIdW44dl82RUJWQ1B4VXc5cUpNQzVNcmlqQVFHTDJLUm4wN1NrcnpGVVlJa0NRbA?oc=5\" target=\"_blank\" rel=\"nofollow noopener\">Striden om Putins biljoner trappas upp<\/a>&nbsp;&nbsp;Kvartal<\/li>\n<\/ol>\n","protected":false},"excerpt":{"rendered":"Ukraina: USA pressar EU om ryska tillg\u00e5ngar&nbsp;&nbsp;Hufvudstadsbladet Topparna hotas av Ryssland \u2013 f\u00f6r att stoppa pengar till Ukraina&nbsp;&nbsp;Aftonbladet&hellip;\n","protected":false},"author":2,"featured_media":109522,"comment_status":"","ping_status":"","sticky":false,"template":"","format":"standard","meta":{"footnotes":""},"categories":[14],"tags":[22,23,26,27,17,21,24,25,28,29,15,16,18,34,31,33,32,30,19,20,51,52,53,54],"class_list":{"0":"post-109521","1":"post","2":"type-post","3":"status-publish","4":"format-standard","5":"has-post-thumbnail","7":"category-varlden","8":"tag-breaking-news","9":"tag-breakingnews","10":"tag-featured-news","11":"tag-featurednews","12":"tag-headlines","13":"tag-huvudnyheter","14":"tag-latest-news","15":"tag-latestnews","16":"tag-main-news","17":"tag-mainnews","18":"tag-news","19":"tag-nyheter","20":"tag-rubriker","21":"tag-se","22":"tag-svenska","23":"tag-sverige","24":"tag-sweden","25":"tag-swedish","26":"tag-top-stories","27":"tag-topstories","28":"tag-varlden","29":"tag-world","30":"tag-world-news","31":"tag-worldnews"},"share_on_mastodon":{"url":"https:\/\/pubeurope.com\/@se\/115738391509141623","error":""},"_links":{"self":[{"href":"https:\/\/www.europesays.com\/se\/wp-json\/wp\/v2\/posts\/109521","targetHints":{"allow":["GET"]}}],"collection":[{"href":"https:\/\/www.europesays.com\/se\/wp-json\/wp\/v2\/posts"}],"about":[{"href":"https:\/\/www.europesays.com\/se\/wp-json\/wp\/v2\/types\/post"}],"author":[{"embeddable":true,"href":"https:\/\/www.europesays.com\/se\/wp-json\/wp\/v2\/users\/2"}],"replies":[{"embeddable":true,"href":"https:\/\/www.europesays.com\/se\/wp-json\/wp\/v2\/comments?post=109521"}],"version-history":[{"count":0,"href":"https:\/\/www.europesays.com\/se\/wp-json\/wp\/v2\/posts\/109521\/revisions"}],"wp:featuredmedia":[{"embeddable":true,"href":"https:\/\/www.europesays.com\/se\/wp-json\/wp\/v2\/media\/109522"}],"wp:attachment":[{"href":"https:\/\/www.europesays.com\/se\/wp-json\/wp\/v2\/media?parent=109521"}],"wp:term":[{"taxonomy":"category","embeddable":true,"href":"https:\/\/www.europesays.com\/se\/wp-json\/wp\/v2\/categories?post=109521"},{"taxonomy":"post_tag","embeddable":true,"href":"https:\/\/www.europesays.com\/se\/wp-json\/wp\/v2\/tags?post=109521"}],"curies":[{"name":"wp","href":"https:\/\/api.w.org\/{rel}","templated":true}]}}