{"id":109525,"date":"2025-12-18T04:26:40","date_gmt":"2025-12-18T04:26:40","guid":{"rendered":"https:\/\/www.europesays.com\/se\/109525\/"},"modified":"2025-12-18T04:26:40","modified_gmt":"2025-12-18T04:26:40","slug":"fyra-doda-i-usas-senaste-attack-mot-fartyg-i-stilla-havet-utrikes","status":"publish","type":"post","link":"https:\/\/www.europesays.com\/se\/109525\/","title":{"rendered":"Fyra d\u00f6da i USA:s senaste attack mot fartyg i Stilla havet | Utrikes"},"content":{"rendered":"<p class=\"aw-1gybjub aw-5vja16 kEtdKx kmuxyA yle__article__paragraph\">USA s\u00e4ger sig ha d\u00f6dat fyra \u201dnarkotika\u00adterrorister\u201d i \u00e4nnu en attack mot ett fartyg i Stilla havet. Venezuela vill att s\u00e4kerhetsr\u00e5det samlas f\u00f6r att diskutera anfallen.<\/p>\n<p><img decoding=\"async\" alt=\"M\u00e4nniskor samlade i m\u00f6rker viftar med Venezuelas flagga och med lysande mobiltelefoner. \" src=\"https:\/\/www.europesays.com\/se\/wp-content\/uploads\/2025\/12\/39-157158569437d9cb7610.jpeg\" class=\"aw-1l9m598 hKVVvP\"\/><\/p>\n<p>\u00d6ppna bildvisare<\/p>\n<p>I Venezuelas huvudstad Caracas samlades anh\u00e4ngare till president Nicol\u00e1s Maduro till en fredsdemonstration p\u00e5 m\u00e5ndagen. Bild: Juan Barreto \/ AFPLyssna (du h\u00f6r en artificiell r\u00f6st) 2:43<\/p>\n<p class=\"aw-1gybjub aw-1p7kakr kEtdKx cEmitX yle__article__paragraph\">Amerikanska styrkor genomf\u00f6rde \u00e4nnu ett anfall mot ett fartyg i \u00f6stra Stilla havet natten till torsdagen. Fyra personer ombord p\u00e5 fartyget d\u00f6dades.<\/p>\n<p class=\"aw-1gybjub aw-1p7kakr kEtdKx cEmitX yle__article__paragraph\">USA:s Sydkommando meddelade det p\u00e5 X.<\/p>\n<p class=\"aw-1gybjub aw-1p7kakr kEtdKx cEmitX yle__article__paragraph\">\u201dUnderr\u00e4ttelseuppgifter bekr\u00e4ftade att fartyget passerade l\u00e4ngs en k\u00e4nd narkotikahandelsrutt i \u00f6stra Stilla havet och var engagerat i narkotikahandel\u201d, skriver Sydkommandot, som kallar de d\u00f6dade ombord f\u00f6r \u201dnarkotikaterrorister\u201d.<\/p>\n<p class=\"aw-1gybjub aw-1p7kakr kEtdKx cEmitX yle__article__paragraph\">Inl\u00e4gget inneh\u00e5ller en kort video som verkar visa ett anfall fr\u00e5n luften mot en stor \u00f6ppen motorb\u00e5t. B\u00e5ten ser ut att spr\u00e4ngas och g\u00e5 upp i l\u00e5gor.<\/p>\n<p>Totalt 99 d\u00f6da i anfallen<\/p>\n<p class=\"aw-1gybjub aw-1p7kakr kEtdKx cEmitX yle__article__paragraph\">Det var i september som USA inledde anfallen mot p\u00e5st\u00e5dda narkotikasmugglingsb\u00e5tar i Karibiska havet och \u00f6stra Stilla havet.<\/p>\n<p class=\"aw-1gybjub aw-1p7kakr kEtdKx cEmitX yle__article__paragraph\">Enligt nyhetsbyr\u00e5n AFP har totalt 99 m\u00e4nniskor nu d\u00f6dats i anfallen.<\/p>\n<p class=\"aw-1gybjub aw-1p7kakr kEtdKx cEmitX yle__article__paragraph\">Attackerna har m\u00f6tt kritik ocks\u00e5 i USA och internationellt. Bland annat<a class=\"aw-iao6s4 iHOxEa yle__article__link\" href=\"https:\/\/yle.fi\/a\/7-10086452\" role=\"link\" rel=\"nofollow noopener\" target=\"_blank\"> ifr\u00e5gas\u00e4tts<\/a> det om attackerna \u00e4r lagliga enligt amerikansk eller internationell r\u00e4tt.<\/p>\n<p class=\"aw-1gybjub aw-1p7kakr kEtdKx cEmitX yle__article__paragraph\">Trumpadministrationen har inte heller presenterat bevis f\u00f6ra att de b\u00e5tar som attackerats, verkligen fraktat narkotika.<\/p>\n<p>S\u00e4kerhetsr\u00e5det ska samlas och diskutera attackerna<\/p>\n<p class=\"aw-1gybjub aw-1p7kakr kEtdKx cEmitX yle__article__paragraph\">Den amerikanska kampanjen riktar sig speciellt mot <strong class=\"aw-ak79eh KyCXm yle__article__strong\">Nicol\u00e1s Maduros<\/strong> regim i Venezuela. Trumpadministrationen har skickat tusentals soldater och ett dussintal krigsfartyg till Karibiska havet och regionen kring Venezuela.<\/p>\n<p class=\"aw-1gybjub aw-1p7kakr kEtdKx cEmitX yle__article__paragraph\">Natten till onsdagen beordrade USA:s president <strong class=\"aw-ak79eh KyCXm yle__article__strong\">Donald Trump<\/strong> en total <a class=\"aw-iao6s4 iHOxEa yle__article__link\" href=\"https:\/\/yle.fi\/a\/7-10090145\" role=\"link\" rel=\"nofollow noopener\" target=\"_blank\">blockad<\/a> mot alla sanktionerade tankfartyg som f\u00f6rs\u00f6ker ta sig till eller fr\u00e5n Venezuela.<\/p>\n<p class=\"aw-1gybjub aw-1p7kakr kEtdKx cEmitX yle__article__paragraph\">I f\u00f6rra veckan <a class=\"aw-iao6s4 iHOxEa yle__article__link\" href=\"https:\/\/yle.fi\/a\/7-10089793\" role=\"link\" rel=\"nofollow noopener\" target=\"_blank\">beslagtog<\/a> USA ett tankfartyg utanf\u00f6r Venezuelas kust.<\/p>\n<p class=\"aw-1gybjub aw-1p7kakr kEtdKx cEmitX yle__article__paragraph\">USA:s president Donald Trump har ocks\u00e5 hotat med operationer p\u00e5 land i Venezuela.<\/p>\n<p class=\"aw-1gybjub aw-1p7kakr kEtdKx cEmitX yle__article__paragraph\">P\u00e5 onsdagen r\u00f6stade USA:s representanthuset om tv\u00e5 resolutioner d\u00e4r man f\u00f6rs\u00f6kte tygla anfallen mot Venezuela.<\/p>\n<p class=\"aw-1gybjub aw-1p7kakr kEtdKx cEmitX yle__article__paragraph\">Resolutionerna godk\u00e4ndes inte, men ocks\u00e5 flera republikaner f\u00f6rh\u00e5ller sig kritiska till Trumpadministrationens utrikespolitiska prioriteter.<\/p>\n<p class=\"aw-1gybjub aw-1p7kakr kEtdKx cEmitX yle__article__paragraph\">Venezuela har beg\u00e4rt att FN:s s\u00e4kerhetsr\u00e5d samlas f\u00f6r att diskutera USA:s \u201daggressioner\u201d mot Venezuela.<\/p>\n<p class=\"aw-1gybjub aw-1p7kakr kEtdKx cEmitX yle__article__paragraph\">En anonym FN-diplomat s\u00e4ger till nyhetsbyr\u00e5n Reuters att det m\u00f6tet sannolikt h\u00e5lls n\u00e4sta tisdag.<\/p>\n<p class=\"aw-1gybjub aw-1p7kakr kEtdKx cEmitX yle__article__paragraph\">K\u00e4llor: AFP, Reuters<\/p>\n","protected":false},"excerpt":{"rendered":"USA s\u00e4ger sig ha d\u00f6dat fyra \u201dnarkotika\u00adterrorister\u201d i \u00e4nnu en attack mot ett fartyg i Stilla havet. Venezuela&hellip;\n","protected":false},"author":2,"featured_media":109526,"comment_status":"","ping_status":"","sticky":false,"template":"","format":"standard","meta":{"footnotes":""},"categories":[14],"tags":[22,23,385,2985,26,27,17,21,1742,3517,24,25,28,29,5785,15,2546,16,4645,18,12143,34,8095,31,33,32,30,19,20,74,237,51,2545,12144,52,53,54],"class_list":{"0":"post-109525","1":"post","2":"type-post","3":"status-publish","4":"format-standard","5":"has-post-thumbnail","7":"category-varlden","8":"tag-breaking-news","9":"tag-breakingnews","10":"tag-donald-trump","11":"tag-fartyg","12":"tag-featured-news","13":"tag-featurednews","14":"tag-headlines","15":"tag-huvudnyheter","16":"tag-internationell-politik","17":"tag-konflikter","18":"tag-latest-news","19":"tag-latestnews","20":"tag-main-news","21":"tag-mainnews","22":"tag-narkotika","23":"tag-news","24":"tag-nicolas-maduro","25":"tag-nyheter","26":"tag-oljetanker","27":"tag-rubriker","28":"tag-sakerhetsradet","29":"tag-se","30":"tag-stilla-havet","31":"tag-svenska","32":"tag-sverige","33":"tag-sweden","34":"tag-swedish","35":"tag-top-stories","36":"tag-topstories","37":"tag-usa","38":"tag-utrikes","39":"tag-varlden","40":"tag-venezuela","41":"tag-venezuelas-president","42":"tag-world","43":"tag-world-news","44":"tag-worldnews"},"share_on_mastodon":{"url":"","error":"Validation failed: Text character limit of 500 exceeded"},"_links":{"self":[{"href":"https:\/\/www.europesays.com\/se\/wp-json\/wp\/v2\/posts\/109525","targetHints":{"allow":["GET"]}}],"collection":[{"href":"https:\/\/www.europesays.com\/se\/wp-json\/wp\/v2\/posts"}],"about":[{"href":"https:\/\/www.europesays.com\/se\/wp-json\/wp\/v2\/types\/post"}],"author":[{"embeddable":true,"href":"https:\/\/www.europesays.com\/se\/wp-json\/wp\/v2\/users\/2"}],"replies":[{"embeddable":true,"href":"https:\/\/www.europesays.com\/se\/wp-json\/wp\/v2\/comments?post=109525"}],"version-history":[{"count":0,"href":"https:\/\/www.europesays.com\/se\/wp-json\/wp\/v2\/posts\/109525\/revisions"}],"wp:featuredmedia":[{"embeddable":true,"href":"https:\/\/www.europesays.com\/se\/wp-json\/wp\/v2\/media\/109526"}],"wp:attachment":[{"href":"https:\/\/www.europesays.com\/se\/wp-json\/wp\/v2\/media?parent=109525"}],"wp:term":[{"taxonomy":"category","embeddable":true,"href":"https:\/\/www.europesays.com\/se\/wp-json\/wp\/v2\/categories?post=109525"},{"taxonomy":"post_tag","embeddable":true,"href":"https:\/\/www.europesays.com\/se\/wp-json\/wp\/v2\/tags?post=109525"}],"curies":[{"name":"wp","href":"https:\/\/api.w.org\/{rel}","templated":true}]}}