{"id":109543,"date":"2025-12-18T05:17:07","date_gmt":"2025-12-18T05:17:07","guid":{"rendered":"https:\/\/www.europesays.com\/se\/109543\/"},"modified":"2025-12-18T05:17:07","modified_gmt":"2025-12-18T05:17:07","slug":"har-duckar-den-pressade-vik-tranaren-vlts-fragor-vlt","status":"publish","type":"post","link":"https:\/\/www.europesays.com\/se\/109543\/","title":{"rendered":"H\u00e4r duckar den pressade VIK-tr\u00e4naren VLT:s fr\u00e5gor &#8211; VLT"},"content":{"rendered":"<ol>\n<li><a href=\"https:\/\/news.google.com\/rss\/articles\/CBMicEFVX3lxTE9maWk0R1VVUWRDQ1NtZ3kzZWcyeGZ0R3NkcGFUT1pNUzRSTzVCNkRqbmZZZmpuQ2cyRV9QZ1luSmdwZklUTW5WSTM1Q1JXSEJubUNVSEE0dUxrWTk0bE5MdzdWby1IeEMwelRzQ19XVlk?oc=5\" target=\"_blank\" rel=\"nofollow noopener\">H\u00e4r duckar den pressade VIK-tr\u00e4naren VLT:s fr\u00e5gor<\/a>&nbsp;&nbsp;VLT<\/li>\n<li><a href=\"https:\/\/news.google.com\/rss\/articles\/CBMirAFBVV95cUxNNFJmSlVvQmt4UU5FQjFKbmRteHo4WWJWWmlfQngtRUV4aW82OW15MGVpWWxUbDBiNThWTGRubFgyVHlxRlA0R1piZVo3YW1TRzJ5Ym9WYk16cW9SbWcwVTZRU0dVd1RtRU50Z0duWmVhdTBuTy1tQWdUWERuOUFzcHEzaTBPdDgxX1ZkT2tyTHlsNlZKWU9rVU9WbVJpWTdkdGwxTHYyVGtZTXFK?oc=5\" target=\"_blank\" rel=\"nofollow noopener\">Modo-kaptenen br\u00f6t l\u00e5nga torkan<\/a>&nbsp;&nbsp;Aftonbladet<\/li>\n<li><a href=\"https:\/\/news.google.com\/rss\/articles\/CBMiiAFBVV95cUxNTnFKNlNVXzY3RVFZMjBrRW11UnNxaWZBQ2IxX19zNWNqZ1RUZFpzOWtXNjQ5OUNlVTdHZGN1NUhvWEI5ck9jRzl3NjUyUC1DOXBqTzgyOVVaRzlTb3gwUG9yaFRUdDBZX1B4c1c0anh4UUZWY1dSV3BlUzQ3N1JVOWxTYWhWemlx?oc=5\" target=\"_blank\" rel=\"nofollow noopener\">Ishockey: Lagkaptenens gl\u00e4dje \u2013 bryter l\u00e5ng m\u00e5ltorka: \u201dK\u00e4mpat\u201d<\/a>&nbsp;&nbsp;SVT Nyheter<\/li>\n<li><a href=\"https:\/\/news.google.com\/rss\/articles\/CBMifEFVX3lxTE9oalVlcFN0YjJQZHRWTmJBbUlWUDd3SldhSnlMdmVkODBrdXh5V0cxa1dPd2h5RllOVDM0bzJvWVlLaVFkX25lY1RidFpuSFdjS0Nvd3pQMmZ6YllMWGxyVXhKemxCd0thdXlHS1M5d0lWQUVWS00xRHlFYmc?oc=5\" target=\"_blank\" rel=\"nofollow noopener\">Krisl\u00f6sningarna in i hetluften: \u201d\u00c4r j\u00e4ttetunna\u201d<\/a>&nbsp;&nbsp;VLT<\/li>\n<li><a href=\"https:\/\/news.google.com\/rss\/articles\/CBMieEFVX3lxTE9USElHVEZKRFNIaWRzUDQtWGlMQ2gwRkdnVWxFckhuZEwxLWsydllVSjVWNUJjR2VmSUN2eEwxYlBnYkJMVUxqUndxSzVnazdVczhENDlUT08ybHZHN3hER2dFY1lwV09BckNkbnhfQWVScHl0eTFoMg?oc=5\" target=\"_blank\" rel=\"nofollow noopener\">Seger f\u00f6r Modo Hockey mot V\u00e4ster\u00e5s<\/a>&nbsp;&nbsp;V\u00e4sterbottens-Kuriren<\/li>\n<\/ol>\n","protected":false},"excerpt":{"rendered":"H\u00e4r duckar den pressade VIK-tr\u00e4naren VLT:s fr\u00e5gor&nbsp;&nbsp;VLT Modo-kaptenen br\u00f6t l\u00e5nga torkan&nbsp;&nbsp;Aftonbladet Ishockey: Lagkaptenens gl\u00e4dje \u2013 bryter l\u00e5ng m\u00e5ltorka:&hellip;\n","protected":false},"author":2,"featured_media":109544,"comment_status":"","ping_status":"","sticky":false,"template":"","format":"standard","meta":{"footnotes":""},"categories":[5],"tags":[22,23,26,27,17,21,24,25,28,29,15,16,18,34,31,33,32,30,19,20],"class_list":{"0":"post-109543","1":"post","2":"type-post","3":"status-publish","4":"format-standard","5":"has-post-thumbnail","7":"category-rubriker","8":"tag-breaking-news","9":"tag-breakingnews","10":"tag-featured-news","11":"tag-featurednews","12":"tag-headlines","13":"tag-huvudnyheter","14":"tag-latest-news","15":"tag-latestnews","16":"tag-main-news","17":"tag-mainnews","18":"tag-news","19":"tag-nyheter","20":"tag-rubriker","21":"tag-se","22":"tag-svenska","23":"tag-sverige","24":"tag-sweden","25":"tag-swedish","26":"tag-top-stories","27":"tag-topstories"},"share_on_mastodon":{"url":"https:\/\/pubeurope.com\/@se\/115738879384709154","error":""},"_links":{"self":[{"href":"https:\/\/www.europesays.com\/se\/wp-json\/wp\/v2\/posts\/109543","targetHints":{"allow":["GET"]}}],"collection":[{"href":"https:\/\/www.europesays.com\/se\/wp-json\/wp\/v2\/posts"}],"about":[{"href":"https:\/\/www.europesays.com\/se\/wp-json\/wp\/v2\/types\/post"}],"author":[{"embeddable":true,"href":"https:\/\/www.europesays.com\/se\/wp-json\/wp\/v2\/users\/2"}],"replies":[{"embeddable":true,"href":"https:\/\/www.europesays.com\/se\/wp-json\/wp\/v2\/comments?post=109543"}],"version-history":[{"count":0,"href":"https:\/\/www.europesays.com\/se\/wp-json\/wp\/v2\/posts\/109543\/revisions"}],"wp:featuredmedia":[{"embeddable":true,"href":"https:\/\/www.europesays.com\/se\/wp-json\/wp\/v2\/media\/109544"}],"wp:attachment":[{"href":"https:\/\/www.europesays.com\/se\/wp-json\/wp\/v2\/media?parent=109543"}],"wp:term":[{"taxonomy":"category","embeddable":true,"href":"https:\/\/www.europesays.com\/se\/wp-json\/wp\/v2\/categories?post=109543"},{"taxonomy":"post_tag","embeddable":true,"href":"https:\/\/www.europesays.com\/se\/wp-json\/wp\/v2\/tags?post=109543"}],"curies":[{"name":"wp","href":"https:\/\/api.w.org\/{rel}","templated":true}]}}