{"id":10955,"date":"2025-08-22T09:20:07","date_gmt":"2025-08-22T09:20:07","guid":{"rendered":"https:\/\/www.europesays.com\/se\/10955\/"},"modified":"2025-08-22T09:20:07","modified_gmt":"2025-08-22T09:20:07","slug":"ivo-mammini-till-aik-argentinaren-overens-med-gnaget","status":"publish","type":"post","link":"https:\/\/www.europesays.com\/se\/10955\/","title":{"rendered":"Ivo Mammini till AIK \u2013 argentinaren \u00f6verens med Gnaget"},"content":{"rendered":"<p>Publicerad 22 aug 2025 kl 09.46Uppdaterad kl 10.50<\/p>\n<p>AIK \u00e4r p\u00e5 v\u00e4g att v\u00e4rva en anfallare fr\u00e5n Argentina igen.<\/p>\n<p>Ivo Mammini, 22, fr\u00e5n Gimnasia har anl\u00e4nt till Stockholm f\u00f6r att genomf\u00f6ra l\u00e4karunders\u00f6kningen och slutf\u00f6ra flytten, erfar Expressen.<\/p>\n<p>D\u00e4rmed ser en v\u00e4rvning av Valdemiro Domingos inte ut att bli av \u2013 eftersom att Tondela inte vill sl\u00e4ppa spelaren nu.<\/p>\n<p>Se AIK:s sju m\u00e5l i cupkrossen<img loading=\"lazy\"   alt=\"\"\/><\/p>\n<p>Ivo Mammini tar steget till AIK \u2013 fr\u00e5n Gimnasia i Argentina.<\/p>\n<p>\u00d6ppna bild i helsk\u00e4rm<img loading=\"lazy\"   alt=\"\"\/> <\/p>\n<p>Foto: MATE LADJANSZKI \/ BILDBYR\u00c5N<\/p>\n<p>\u00d6ppna bild i helsk\u00e4rm<img loading=\"lazy\"   alt=\"\"\/>\u00d6ppna bild i helsk\u00e4rm<img loading=\"lazy\"   alt=\"\"\/>\u00d6ppna bild i helsk\u00e4rm<\/p>\n<p>AIK har f\u00f6rs\u00f6kt v\u00e4rva en anfallare i sommar och de senaste veckorna har allt kretsat kring Valdemiro Domingos fr\u00e5n Tondela, n\u00e5got <a href=\"https:\/\/www.expressen.se\/sport\/fotboll\/allsvenskan\/aiks-bud-i-samtal-om-valdemiro-miro-domingos\/\" rel=\"nofollow noopener\" target=\"_blank\">Expressen<\/a> avsl\u00f6jade den 24 juli.<\/p>\n<p>Stockholmsklubben har jobbat stenh\u00e5rt p\u00e5 en aff\u00e4r och samtalen med Tondela har p\u00e5g\u00e5tt i en dryg m\u00e5nad. Parterna har n\u00e4rmat sig en l\u00f6sning flertalet g\u00e5nger, men utan att kunna g\u00e5 hela v\u00e4gen i m\u00e5l med aff\u00e4ren.<\/p>\n<p>Enligt uppgifter till Expressen vill Tondela inte sl\u00e4ppa Domingos f\u00f6r n\u00e4rvarande, vilket tvingat AIK att \u00f6verv\u00e4ga andra anfallsalternativ d\u00e5 det svenska transferf\u00f6nstret st\u00e4nger den 29 augusti.<\/p>\n<p>V\u00e4rvar fr\u00e5n Argentina<\/p>\n<p>Tidigare i veckan kom det rapporter fr\u00e5n Argentina att AIK var p\u00e5 v\u00e4g att v\u00e4rva Ivo Mammini, 22, fr\u00e5n Gimnasia i Argentina. Expressen har n\u00e5tts av liknande uppgifter.<\/p>\n<p>Enligt Expressens k\u00e4llor \u00e4r Gimnasia och AIK muntligt \u00f6verens g\u00e4llande ett k\u00f6p av anfallaren \u2013 och argentinaren har nu anl\u00e4nt till Stockholm f\u00f6r att slutf\u00f6ra flytten.<\/p>\n<p>P\u00e5 plats i Stockholm v\u00e4ntar den obligatoriska l\u00e4karunders\u00f6kningen. Anfallaren har \u00e4nnu inte genomf\u00f6rt testerna \u2013 men Ivo Mammini beh\u00f6ver allts\u00e5 klara de medicinska testerna innan \u00f6verg\u00e5ngen till AIK kan slutf\u00f6ras.<\/p>\n<p>Intr\u00e4ffar inget of\u00f6rutsett och han klarar l\u00e4karunders\u00f6kningen s\u00e5 v\u00e4ntas 22-\u00e5ringen allts\u00e5 d\u00e4refter s\u00e4tta bl\u00e4cket p\u00e5 papperet och skriva p\u00e5 ett kontrakt med \u201dGnaget\u201d.<\/p>\n","protected":false},"excerpt":{"rendered":"Publicerad 22 aug 2025 kl 09.46Uppdaterad kl 10.50 AIK \u00e4r p\u00e5 v\u00e4g att v\u00e4rva en anfallare fr\u00e5n Argentina&hellip;\n","protected":false},"author":2,"featured_media":10956,"comment_status":"","ping_status":"","sticky":false,"template":"","format":"standard","meta":{"footnotes":""},"categories":[68],"tags":[131,34,130,129,111,110,31,33,32,30],"class_list":{"0":"post-10955","1":"post","2":"type-post","3":"status-publish","4":"format-standard","5":"has-post-thumbnail","7":"category-sport","8":"tag-organization-aik-fotboll","9":"tag-se","10":"tag-sections-allsvenskan","11":"tag-sections-fotboll","12":"tag-sport","13":"tag-sports","14":"tag-svenska","15":"tag-sverige","16":"tag-sweden","17":"tag-swedish"},"share_on_mastodon":{"url":"","error":""},"_links":{"self":[{"href":"https:\/\/www.europesays.com\/se\/wp-json\/wp\/v2\/posts\/10955","targetHints":{"allow":["GET"]}}],"collection":[{"href":"https:\/\/www.europesays.com\/se\/wp-json\/wp\/v2\/posts"}],"about":[{"href":"https:\/\/www.europesays.com\/se\/wp-json\/wp\/v2\/types\/post"}],"author":[{"embeddable":true,"href":"https:\/\/www.europesays.com\/se\/wp-json\/wp\/v2\/users\/2"}],"replies":[{"embeddable":true,"href":"https:\/\/www.europesays.com\/se\/wp-json\/wp\/v2\/comments?post=10955"}],"version-history":[{"count":0,"href":"https:\/\/www.europesays.com\/se\/wp-json\/wp\/v2\/posts\/10955\/revisions"}],"wp:featuredmedia":[{"embeddable":true,"href":"https:\/\/www.europesays.com\/se\/wp-json\/wp\/v2\/media\/10956"}],"wp:attachment":[{"href":"https:\/\/www.europesays.com\/se\/wp-json\/wp\/v2\/media?parent=10955"}],"wp:term":[{"taxonomy":"category","embeddable":true,"href":"https:\/\/www.europesays.com\/se\/wp-json\/wp\/v2\/categories?post=10955"},{"taxonomy":"post_tag","embeddable":true,"href":"https:\/\/www.europesays.com\/se\/wp-json\/wp\/v2\/tags?post=10955"}],"curies":[{"name":"wp","href":"https:\/\/api.w.org\/{rel}","templated":true}]}}