{"id":109551,"date":"2025-12-18T05:23:11","date_gmt":"2025-12-18T05:23:11","guid":{"rendered":"https:\/\/www.europesays.com\/se\/109551\/"},"modified":"2025-12-18T05:23:11","modified_gmt":"2025-12-18T05:23:11","slug":"nya-moten-mellan-usa-och-ryssland","status":"publish","type":"post","link":"https:\/\/www.europesays.com\/se\/109551\/","title":{"rendered":"Nya m\u00f6ten mellan USA och Ryssland"},"content":{"rendered":"<p class=\"boxtextgrotesk-root_baa6 hyperion-css-7pajle\">Uppdaterad 05.34 | Publicerad 05.00<\/p>\n<p>share-arrowDela<\/p>\n<p>unsaveSpara<\/p>\n<p>expand-left<\/p>\n<p>helsk\u00e4rm<img decoding=\"async\" class=\"image-asset hyperion-css-u06ts1\" data-test-tag=\"image-asset\" src=\"https:\/\/www.europesays.com\/se\/wp-content\/uploads\/2025\/12\/7ee7d037-a099-4454-b2c4-61c6fa2def10\"  alt=\"Ukrainas president Volodymyr Zelenskyj, tv, Steve Witkoff, och Jared Kushner tr\u00e4ffades i f\u00f6rra veckan.\"  loading=\"eager\" fetchpriority=\"high\" style=\"aspect-ratio:1900 \/ 1267\"\/>Ukrainas president Volodymyr Zelenskyj, tv, Steve Witkoff, och Jared Kushner tr\u00e4ffades i f\u00f6rra veckan. Foto: Markus Schreiber\/AP\/TT<\/p>\n<p class=\"hyperion-css-1shl3oz\" data-test-tag=\"lead-text\">Amerikanska och ryska tj\u00e4nstem\u00e4n kommer att h\u00e5lla nya samtal i helgen om kriget i Ukraina, uppger k\u00e4llor f\u00f6r AFP.<\/p>\n<p class=\"hyperion-css-1v9qo5x\">I m\u00e5ndags h\u00f6lls m\u00f6ten mellan USA och Ukraina i Berlin, vilka flera europeiska ledare ansl\u00f6t till. Samtalen var enligt b\u00e5de Ukraina och USA produktiva.<\/p>\n<p class=\"hyperion-css-1v9qo5x\">Volodymyr Zelenskyj medger dock att Ukraina och USA har \u201dolika positioner\u201d om ryska krav p\u00e5 att Ukraina ger upp territorier.<\/p>\n<p class=\"hyperion-css-1v9qo5x\">USA:s s\u00e4ndebud Steve Witkoff och Jared Kushner v\u00e4ntas delta i de nya samtalen med Ryssland, som enligt k\u00e4llan ska ske i Miami. Fr\u00e5n Rysslands h\u00e5ll ska Kirill Dmitrijev delta.<\/p>\n","protected":false},"excerpt":{"rendered":"Uppdaterad 05.34 | Publicerad 05.00 share-arrowDela unsaveSpara expand-left helsk\u00e4rmUkrainas president Volodymyr Zelenskyj, tv, Steve Witkoff, och Jared Kushner&hellip;\n","protected":false},"author":2,"featured_media":109552,"comment_status":"","ping_status":"","sticky":false,"template":"","format":"standard","meta":{"footnotes":""},"categories":[14],"tags":[22,23,26,27,17,21,24,25,28,29,15,16,18,34,31,33,32,30,19,20,51,52,53,54],"class_list":{"0":"post-109551","1":"post","2":"type-post","3":"status-publish","4":"format-standard","5":"has-post-thumbnail","7":"category-varlden","8":"tag-breaking-news","9":"tag-breakingnews","10":"tag-featured-news","11":"tag-featurednews","12":"tag-headlines","13":"tag-huvudnyheter","14":"tag-latest-news","15":"tag-latestnews","16":"tag-main-news","17":"tag-mainnews","18":"tag-news","19":"tag-nyheter","20":"tag-rubriker","21":"tag-se","22":"tag-svenska","23":"tag-sverige","24":"tag-sweden","25":"tag-swedish","26":"tag-top-stories","27":"tag-topstories","28":"tag-varlden","29":"tag-world","30":"tag-world-news","31":"tag-worldnews"},"share_on_mastodon":{"url":"https:\/\/pubeurope.com\/@se\/115738903022580496","error":""},"_links":{"self":[{"href":"https:\/\/www.europesays.com\/se\/wp-json\/wp\/v2\/posts\/109551","targetHints":{"allow":["GET"]}}],"collection":[{"href":"https:\/\/www.europesays.com\/se\/wp-json\/wp\/v2\/posts"}],"about":[{"href":"https:\/\/www.europesays.com\/se\/wp-json\/wp\/v2\/types\/post"}],"author":[{"embeddable":true,"href":"https:\/\/www.europesays.com\/se\/wp-json\/wp\/v2\/users\/2"}],"replies":[{"embeddable":true,"href":"https:\/\/www.europesays.com\/se\/wp-json\/wp\/v2\/comments?post=109551"}],"version-history":[{"count":0,"href":"https:\/\/www.europesays.com\/se\/wp-json\/wp\/v2\/posts\/109551\/revisions"}],"wp:featuredmedia":[{"embeddable":true,"href":"https:\/\/www.europesays.com\/se\/wp-json\/wp\/v2\/media\/109552"}],"wp:attachment":[{"href":"https:\/\/www.europesays.com\/se\/wp-json\/wp\/v2\/media?parent=109551"}],"wp:term":[{"taxonomy":"category","embeddable":true,"href":"https:\/\/www.europesays.com\/se\/wp-json\/wp\/v2\/categories?post=109551"},{"taxonomy":"post_tag","embeddable":true,"href":"https:\/\/www.europesays.com\/se\/wp-json\/wp\/v2\/tags?post=109551"}],"curies":[{"name":"wp","href":"https:\/\/api.w.org\/{rel}","templated":true}]}}