{"id":109553,"date":"2025-12-18T05:24:13","date_gmt":"2025-12-18T05:24:13","guid":{"rendered":"https:\/\/www.europesays.com\/se\/109553\/"},"modified":"2025-12-18T05:24:13","modified_gmt":"2025-12-18T05:24:13","slug":"tiotal-bajsattacker-mot-forsakringskassan","status":"publish","type":"post","link":"https:\/\/www.europesays.com\/se\/109553\/","title":{"rendered":"Tiotal bajsattacker mot F\u00f6rs\u00e4kringskassan"},"content":{"rendered":"<p><a data-test-tag=\"internal-link\" href=\"https:\/\/www.aftonbladet.se\/av\/emil-forsberg\" class=\"hyperion-css-13ns1rr\" rel=\"nofollow noopener\" target=\"\" aria-label=\"Se alla artiklar av Emil Forsberg\"><img decoding=\"async\" class=\"image-asset hyperion-css-n6kkq1\" data-test-tag=\"image-asset\" src=\"https:\/\/www.europesays.com\/se\/wp-content\/uploads\/2025\/12\/1766035452_587_602ef119-32a3-4a6a-b86e-0ebfdb56a147\"  alt=\"\"  loading=\"lazy\" fetchpriority=\"auto\" style=\"aspect-ratio:1900 \/ 1900\"\/><\/a><\/p>\n<p class=\"boxtextgrotesk-root_baa6 hyperion-css-7pajle\">Publicerad 2025-12-17 19.09<\/p>\n<p>share-arrowDela<\/p>\n<p>unsaveSpara<\/p>\n<p>expand-left<\/p>\n<p>helsk\u00e4rm<img decoding=\"async\" class=\"image-asset hyperion-css-u06ts1\" data-test-tag=\"image-asset\" src=\"https:\/\/www.europesays.com\/se\/wp-content\/uploads\/2025\/12\/53a13d0a-be7b-4858-866b-9ecfdb9bac78\"  alt=\"F\u00f6rs\u00e4kringskassan i Sk\u00f6vde har problem med bajsattacker. Genrebild. \"  loading=\"eager\" fetchpriority=\"high\" style=\"aspect-ratio:1900 \/ 1267\"\/>F\u00f6rs\u00e4kringskassan i Sk\u00f6vde har problem med bajsattacker. Genrebild. Foto: Jessica Gow\/TT<\/p>\n<p class=\"hyperion-css-1shl3oz\" data-test-tag=\"lead-text\">F\u00f6rs\u00e4kringskassan i Sk\u00f6vde f\u00e5r g\u00e5ng p\u00e5 g\u00e5ng lokalerna nersmetade med bajs.<\/p>\n<p class=\"hyperion-css-1shl3oz\" data-test-tag=\"lead-text\">N\u00e5gon skyldig har inte hittats \u2013 men de anst\u00e4llda misst\u00e4nker att det \u00e4r en kollega.<\/p>\n<p class=\"hyperion-css-1shl3oz\" data-test-tag=\"lead-text\">\u2013 Vad kan personen g\u00f6ra mer, f\u00f6r den m\u00e5r ju inte bra? s\u00e4ger en anst\u00e4lld till SLAinfocloseSLAhttps:\/\/www.sla.se\/2025\/12\/15\/bajs-smetat-i-myndighetens-lokaler-i-skovde-ett-tiotal-ganger-3356a\/.<\/p>\n<p class=\"hyperion-css-1v9qo5x\">Bajssmetandet b\u00f6rjade i januari, rapporterar Skaraborgs Allehanda.<\/p>\n<p class=\"hyperion-css-1v9qo5x\">Sedan dess har <a data-test-tag=\"internal-link\" href=\"https:\/\/www.aftonbladet.se\/tagg\/forsakringskassan\" class=\"hyperion-css-15jkft9\" rel=\"nofollow noopener\" target=\"\" aria-label=\"F\u00f6rs\u00e4kringskassans\">F\u00f6rs\u00e4kringskassans<\/a> lokaler i <a data-test-tag=\"internal-link\" href=\"https:\/\/www.aftonbladet.se\/lokala-nyheter\/skovde\" class=\"hyperion-css-15jkft9\" rel=\"nofollow noopener\" target=\"\" aria-label=\"Sk\u00f6vde\">Sk\u00f6vde<\/a> terroriserats ett tiotal g\u00e5nger.<\/p>\n<p class=\"hyperion-css-1v9qo5x\">\u2013 Det \u00e4r allt ifr\u00e5n att det har smetats p\u00e5 toalettstolen till att det har smetats p\u00e5 v\u00e4ggar runt papperskorgen under handfatet, eller en blaffa p\u00e5 v\u00e4ggen, ber\u00e4ttar en anst\u00e4lld p\u00e5 myndigheten f\u00f6r SLA.<\/p>\n<p class=\"hyperion-css-1v9qo5x\">Det kr\u00e4vs passerkort f\u00f6r att ta sig till lokalerna d\u00e4r bajset har smetats ut, n\u00e5got som g\u00f6r att de anst\u00e4llda misst\u00e4nker att det \u00e4r en kollega som \u00e4r skyldig.<\/p>\n<p class=\"hyperion-css-1v9qo5x\">\u2013 Efter en incident b\u00f6rjar hj\u00e4rnan spinna ig\u00e5ng igen och man b\u00f6rjar titta snett p\u00e5 kollegor. Men man b\u00f6rjar ocks\u00e5 sj\u00e4lv k\u00e4nna sig orolig att n\u00e5gon ska tro att man beter sig misst\u00e4nkt. Typ: Om jag g\u00e5r p\u00e5 toa nu d\u00e5 och \u00e4r d\u00e4r inne l\u00e4nge, d\u00e5 kommer de tro att det \u00e4r jag.<\/p>\n<p class=\"hyperion-css-1v9qo5x\">Ungef\u00e4r ett halv\u00e5r innan den f\u00f6rsta incidenten togs beslut om att de anst\u00e4llda skulle b\u00f6rja jobba p\u00e5 kontoret igen efter att ha kunnat jobba hemma sedan pandemin. F\u00f6r\u00e4ndringarna kan ha bidragit till bajsattackerna, tror den anst\u00e4llda Skaraborgs Allehanda pratat med.<\/p>\n<p class=\"hyperion-css-1v9qo5x\">Men att den skyldige \u00e4nnu inte hittats sprider oro f\u00f6r vad som ska h\u00e4nda h\u00e4rn\u00e4st.<\/p>\n<p class=\"hyperion-css-1v9qo5x\">\u2013 Folk diskar alla bestick igen innan man \u00e4ter och b\u00f6rjar ta med sig bestick hemifr\u00e5n. Man g\u00e5r hela tiden och t\u00e4nker: Vad tar jag i? Vem har tagit i det h\u00e4r? Och framf\u00f6r allt vad kan personen g\u00f6ra mer, f\u00f6r den m\u00e5r ju inte bra?<\/p>\n<p class=\"hyperion-css-1v9qo5x\">F\u00f6rs\u00e4kringskassan bekr\u00e4ftar h\u00e4ndelserna f\u00f6r SLA och uppger att man \u00f6verv\u00e4ger att polisanm\u00e4la.<\/p>\n","protected":false},"excerpt":{"rendered":"Publicerad 2025-12-17 19.09 share-arrowDela unsaveSpara expand-left helsk\u00e4rmF\u00f6rs\u00e4kringskassan i Sk\u00f6vde har problem med bajsattacker. Genrebild. Foto: Jessica Gow\/TT F\u00f6rs\u00e4kringskassan&hellip;\n","protected":false},"author":2,"featured_media":109554,"comment_status":"","ping_status":"","sticky":false,"template":"","format":"standard","meta":{"footnotes":""},"categories":[12],"tags":[22,23,26,27,17,21,24,25,28,29,15,16,18,34,31,33,32,30,19,20],"class_list":{"0":"post-109553","1":"post","2":"type-post","3":"status-publish","4":"format-standard","5":"has-post-thumbnail","7":"category-sverige","8":"tag-breaking-news","9":"tag-breakingnews","10":"tag-featured-news","11":"tag-featurednews","12":"tag-headlines","13":"tag-huvudnyheter","14":"tag-latest-news","15":"tag-latestnews","16":"tag-main-news","17":"tag-mainnews","18":"tag-news","19":"tag-nyheter","20":"tag-rubriker","21":"tag-se","22":"tag-svenska","23":"tag-sverige","24":"tag-sweden","25":"tag-swedish","26":"tag-top-stories","27":"tag-topstories"},"share_on_mastodon":{"url":"https:\/\/pubeurope.com\/@se\/115738906818857240","error":""},"_links":{"self":[{"href":"https:\/\/www.europesays.com\/se\/wp-json\/wp\/v2\/posts\/109553","targetHints":{"allow":["GET"]}}],"collection":[{"href":"https:\/\/www.europesays.com\/se\/wp-json\/wp\/v2\/posts"}],"about":[{"href":"https:\/\/www.europesays.com\/se\/wp-json\/wp\/v2\/types\/post"}],"author":[{"embeddable":true,"href":"https:\/\/www.europesays.com\/se\/wp-json\/wp\/v2\/users\/2"}],"replies":[{"embeddable":true,"href":"https:\/\/www.europesays.com\/se\/wp-json\/wp\/v2\/comments?post=109553"}],"version-history":[{"count":0,"href":"https:\/\/www.europesays.com\/se\/wp-json\/wp\/v2\/posts\/109553\/revisions"}],"wp:featuredmedia":[{"embeddable":true,"href":"https:\/\/www.europesays.com\/se\/wp-json\/wp\/v2\/media\/109554"}],"wp:attachment":[{"href":"https:\/\/www.europesays.com\/se\/wp-json\/wp\/v2\/media?parent=109553"}],"wp:term":[{"taxonomy":"category","embeddable":true,"href":"https:\/\/www.europesays.com\/se\/wp-json\/wp\/v2\/categories?post=109553"},{"taxonomy":"post_tag","embeddable":true,"href":"https:\/\/www.europesays.com\/se\/wp-json\/wp\/v2\/tags?post=109553"}],"curies":[{"name":"wp","href":"https:\/\/api.w.org\/{rel}","templated":true}]}}