{"id":109555,"date":"2025-12-18T05:25:10","date_gmt":"2025-12-18T05:25:10","guid":{"rendered":"https:\/\/www.europesays.com\/se\/109555\/"},"modified":"2025-12-18T05:25:10","modified_gmt":"2025-12-18T05:25:10","slug":"mathilda-fick-en-stroke-som-21-aring-det-blev-svart","status":"publish","type":"post","link":"https:\/\/www.europesays.com\/se\/109555\/","title":{"rendered":"Mathilda fick en stroke som 21-\u00e5ring: \u201dDet blev svart\u201d"},"content":{"rendered":"<p>Publicerad 17 dec 2025 kl 20.42Uppdaterad 18 dec kl 06.11<\/p>\n<p>21 \u00e5r gammal drabbades Mathilda St\u00e5hlhandske av en allvarlig stroke.<\/p>\n<p>P\u00e5 flygplatsen i Lissabon segnade hon ihop och slutade andas.<\/p>\n<p>\u2013 Det f\u00f6rsta minnet jag har \u00e4r sex veckor senare, s\u00e4ger Mathilda.<\/p>\n<p>Senaste nyhetsklippen fr\u00e5n Expressen.<img   alt=\"\"\/><\/p>\n<p>Mathilda tog en bild p\u00e5 sig sj\u00e4lv n\u00e4r hon fick pl\u00f6tslig huvudv\u00e4rk p\u00e5 flygplatsen i Lissabon.<\/p>\n<p>Foto: Privat<\/p>\n<p>\u00d6ppna bild i helsk\u00e4rm<img loading=\"lazy\"   alt=\"\"\/><\/p>\n<p>Mathilda har tidigare varit aktiv i Hemv\u00e4rnsungdom.<\/p>\n<p>Foto: Privat<\/p>\n<p>\u00d6ppna bild i helsk\u00e4rm<img loading=\"lazy\"   alt=\"\"\/><\/p>\n<p>En bild som togs veckan innan Mathilda reste i v\u00e4g till Portugal.<\/p>\n<p>Foto: Privat<\/p>\n<p>\u00d6ppna bild i helsk\u00e4rm<\/p>\n<p>Vid mellanlandningen i Lissabon sommaren 2023 m\u00e4rkte Mathilda att allt inte stod r\u00e4tt till. Hon var p\u00e5 v\u00e4g till Madeira, d\u00e4r hon skulle semestra tillsammans med en v\u00e4n.<\/p>\n<p>\u2013 Jag fick pl\u00f6tsligt huvudv\u00e4rk och k\u00e4nde sm\u00e4rta i ena \u00f6gat. F\u00f6rst trodde jag att det var en allergisk reaktion, s\u00e4ger hon.<\/p>\n<p>Mathilda ringde sina f\u00f6r\u00e4ldrar, samtidigt som hon tog tv\u00e5 v\u00e4rktabletter f\u00f6r att f\u00f6rs\u00f6ka st\u00e4vja sm\u00e4rtan.<\/p>\n<p>\u2013 D\u00e5 b\u00f6rjade min kompis ana att n\u00e5got var fel, f\u00f6r jag \u00e4r v\u00e4ldigt restriktiv n\u00e4r det kommer till tabletter, s\u00e4ger Mathilda som tidigare pratat med <a href=\"https:\/\/www.kt-kuriren.se\/2025\/12\/13\/mathilda-stahlhandske-i-karlskoga-var-bara-21-ar-nar-hon-fick-en-stroke-nu-kampar-hon-for-att-komma-d1cb9\/\" rel=\"nofollow noopener\" target=\"_blank\">KT-Kuriren<\/a>.<\/p>\n<p>Kort d\u00e4refter sj\u00f6nk hon ihop och f\u00f6rlorade medvetandet mitt p\u00e5 flygplatsen.<\/p>\n<p>\u2013 Det blev helt svart.<\/p>\n<p>Artikeln i korthet.<\/p>\n<p> Mathilda drabbades av stroke p\u00e5 resa till Madeira sommaren 2023, 21 \u00e5r gammal.<\/p>\n<p> Hon l\u00e5g i respirator och k\u00e4mpade f\u00f6r sitt liv.<\/p>\n<p> Familjen reste till Portugal f\u00f6r att st\u00f6dja henne under krisen.<\/p>\n<p> Rehabiliteringen har varit tuff, men Mathilda g\u00f6r framsteg.<\/p>\n<p> Hon tr\u00e4nar h\u00e5rt och v\u00e4grar ge upp \u2013 familjen kallar henne envis och stark.<\/p>\n<p>Visa mer\u201dHon kunde inte andas sj\u00e4lv\u201d<\/p>\n<p>Personalen trodde f\u00f6rst att hon var drogp\u00e5verkad eller hade drabbats av ett epileptiskt anfall. Hemma i Karlskoga f\u00f6rs\u00f6kte pappa Peter och mamma Birgitta f\u00f6rst\u00e5 vad som p\u00e5gick i samtalet med dottern. Till slut fick hennes v\u00e4n ta \u00f6ver kontakten.<\/p>\n<p>\u2013 Vi fattade ingenting, det k\u00e4ndes s\u00e5 olustigt, s\u00e4ger Birgitta.<\/p>\n<p>21 \u00e5r gammal drabbades Mathilda av en stroke och fick \u00e5ka med ambulans till sjukhus. En k\u00e4rlmissbildning hade brustit intill hj\u00e4rnstammen och orsakat bl\u00f6dningen.<\/p>\n<p>F\u00f6r\u00e4ldrarna hoppade p\u00e5 f\u00f6rsta flyget till den portugisiska huvudstaden d\u00e4r dramat fortsatte. Mathilda k\u00e4mpade f\u00f6r sitt liv och utsikterna till f\u00f6rb\u00e4ttring var os\u00e4kra, enligt l\u00e4karna.<\/p>\n<p>\u2013 Hon kunde inte andas sj\u00e4lv och fick ligga i respirator, det var hemskt att se, s\u00e4ger Birgitta.<\/p>\n<p><img loading=\"lazy\"   alt=\"\"\/><\/p>\n<p>Mathildas syster, Emilia, f\u00f6ljde med till Lissabon f\u00f6r att st\u00f6tta sitt yngre syskon.<\/p>\n<p>Foto: Privat<\/p>\n<p>\u00d6ppna bild i helsk\u00e4rm<img loading=\"lazy\"   alt=\"\"\/><\/p>\n<p>Mathilda fick ligga i respirator efter hj\u00e4rnbl\u00f6dningen.<\/p>\n<p>Foto: Privat<\/p>\n<p>\u00d6ppna bild i helsk\u00e4rm<img loading=\"lazy\"   alt=\"\"\/><\/p>\n<p>P\u00e5 sjukhuset i Lissabon fick Mathilda sondmatning.<\/p>\n<p>Foto: Privat<\/p>\n<p>\u00d6ppna bild i helsk\u00e4rm<img loading=\"lazy\"   alt=\"\"\/><\/p>\n<p>Mathilda n\u00e4r hon kom tillbaka till Sverige och Universitetssjukhuset i \u00d6rebro.<\/p>\n<p>Foto: Privat<\/p>\n<p>\u00d6ppna bild i helsk\u00e4rm<\/p>\n<p>Men Peter och Birgitta var best\u00e4mda. De skulle g\u00f6ra allt i sin makt f\u00f6r att Mathilda skulle komma tillbaka fr\u00e5n hj\u00e4rnbl\u00f6dningen.<\/p>\n<p>\u2013 Dag tre ringde jag hem till Sverige och sa upp mig. Jag sa: \u201dNu ska jag tr\u00e4na Mathilda fram\u00e5t, det \u00e4r vad jag ska l\u00e4gga min tid p\u00e5\u201d, s\u00e4ger Peter.<\/p>\n<p>Efter 31 dagar kunde hon flyttas med ambulansflyg till \u00d6rebros universitetssjukhus.<\/p>\n<p>\u2013 Det f\u00f6rsta minnet jag har \u00e4r sex veckor senare. Jag l\u00e5g i en s\u00e4ng p\u00e5 neuroavdelningen i \u00d6rebro och s\u00e5g pl\u00f6tsligt en \u00e4ldre man g\u00e5 f\u00f6rbi med rullator. Jag trodde att jag hade hamnat p\u00e5 ett \u00e4ldreboende, s\u00e4ger Mathilda.<\/p>\n<p>Tuff kamp f\u00f6r att komma tillbaka<\/p>\n<p>Innan stroken var Mathilda v\u00e4ldigt aktiv, tr\u00e4nade regelbundet och hade varit engagerad i hemv\u00e4rnets ungdom. Dessutom studerade hon filmprogrammet p\u00e5 universitetet i \u00d6rebro.<\/p>\n<p>Annons<\/p>\n<p>Familjens vardag har nu st\u00e4llts om och Mathilda k\u00e4mpar f\u00f6r att f\u00e5 tillbaka delar av det liv hon tidigare hade.<\/p>\n<p>\u2013 Jag g\u00e5r nu regelbundet p\u00e5 bland annat balanstr\u00e4ning, g\u00e5ngtr\u00e4ning, \u00f6gontr\u00e4ning och r\u00f6sttr\u00e4ning.<\/p>\n<p>Hon har ocks\u00e5 f\u00e5tt \u00e5ka ner till ett rehabiliteringscenter i spanska Almunecar som varit till stor hj\u00e4lp. Men resan har de f\u00e5tt bekosta sj\u00e4lva, trots flera kontakter med v\u00e5rden och F\u00f6rs\u00e4kringskassan.<\/p>\n<p>\u2013 Svaret vi hittills f\u00e5tt \u00e4r att det \u00e4r besparingskrav i regionen, s\u00e4ger Peter.<\/p>\n<p>\u2013 Det finns 60\u201370-\u00e5ringar som f\u00e5tt hela vistelsen betald. Ska en ung tjej inte f\u00e5 tillg\u00e5ng till samma v\u00e5rd? s\u00e4ger Birgitta.<\/p>\n<p><img loading=\"lazy\"   alt=\"\"\/><\/p>\n<p>Mathilda p\u00e5 rehabiliteringscentret Hedla i Spanien. Via Instagramkontot @tacksammamathilda delar hon med sig av olika tr\u00e4ningstips.<\/p>\n<p>Foto: Privat<\/p>\n<p>\u00d6ppna bild i helsk\u00e4rm<img loading=\"lazy\"   alt=\"\"\/><\/p>\n<p>Mathilda k\u00e4mpar f\u00f6r att komma tillbaka p\u00e5 rehabiliteringscentret i Almunecar.<\/p>\n<p>Foto: Privat<\/p>\n<p>\u00d6ppna bild i helsk\u00e4rm<img loading=\"lazy\"   alt=\"\"\/><\/p>\n<p>Matilda med familj p\u00e5 rehabcentret i Spanien.<\/p>\n<p>Foto: Priavt<\/p>\n<p>\u00d6ppna bild i helsk\u00e4rm\u201dHon har verkligen pannben\u201d<\/p>\n<p>Samtidigt har Mathilda gjort stora framsteg under drygt tv\u00e5 och ett halvt \u00e5r av rehabilitering. Likv\u00e4l \u00e4r hon ot\u00e5lig och vill mer.<\/p>\n<p>\u2013 Jag tycker det g\u00e5r alldeles f\u00f6r sakta, men det g\u00e5r fram\u00e5t och det \u00e4r det viktigaste.<\/p>\n<p>Pappa Peter ser en v\u00e4ldigt envis dotter, som v\u00e4grar ge upp och forts\u00e4tter att utmana sig sj\u00e4lv.<\/p>\n<p>\u2013 Hon har verkligen pannben och har gett sig katten p\u00e5 att klara det h\u00e4r. Det \u00e4r nyckeln till framg\u00e5ng, tror jag.<\/p>\n<p>\u2013 M\u00e5nga har ocks\u00e5 sagt att \u201dom det \u00e4r n\u00e5gon som ska klara det h\u00e4r s\u00e5 \u00e4r det du, du kommer inte l\u00e4gga dig ner och gilla l\u00e4get\u201d, s\u00e4ger Mathilda.<\/p>\n","protected":false},"excerpt":{"rendered":"Publicerad 17 dec 2025 kl 20.42Uppdaterad 18 dec kl 06.11 21 \u00e5r gammal drabbades Mathilda St\u00e5hlhandske av en&hellip;\n","protected":false},"author":2,"featured_media":109556,"comment_status":"","ping_status":"","sticky":false,"template":"","format":"standard","meta":{"footnotes":""},"categories":[5],"tags":[22,23,26,27,17,21,24,25,28,29,15,16,18,34,154,31,33,32,30,19,688,20],"class_list":{"0":"post-109555","1":"post","2":"type-post","3":"status-publish","4":"format-standard","5":"has-post-thumbnail","7":"category-rubriker","8":"tag-breaking-news","9":"tag-breakingnews","10":"tag-featured-news","11":"tag-featurednews","12":"tag-headlines","13":"tag-huvudnyheter","14":"tag-latest-news","15":"tag-latestnews","16":"tag-main-news","17":"tag-mainnews","18":"tag-news","19":"tag-nyheter","20":"tag-rubriker","21":"tag-se","22":"tag-sections-sverige","23":"tag-svenska","24":"tag-sverige","25":"tag-sweden","26":"tag-swedish","27":"tag-top-stories","28":"tag-topic-halsa-sjukvard","29":"tag-topstories"},"share_on_mastodon":{"url":"https:\/\/pubeurope.com\/@se\/115738910682391429","error":""},"_links":{"self":[{"href":"https:\/\/www.europesays.com\/se\/wp-json\/wp\/v2\/posts\/109555","targetHints":{"allow":["GET"]}}],"collection":[{"href":"https:\/\/www.europesays.com\/se\/wp-json\/wp\/v2\/posts"}],"about":[{"href":"https:\/\/www.europesays.com\/se\/wp-json\/wp\/v2\/types\/post"}],"author":[{"embeddable":true,"href":"https:\/\/www.europesays.com\/se\/wp-json\/wp\/v2\/users\/2"}],"replies":[{"embeddable":true,"href":"https:\/\/www.europesays.com\/se\/wp-json\/wp\/v2\/comments?post=109555"}],"version-history":[{"count":0,"href":"https:\/\/www.europesays.com\/se\/wp-json\/wp\/v2\/posts\/109555\/revisions"}],"wp:featuredmedia":[{"embeddable":true,"href":"https:\/\/www.europesays.com\/se\/wp-json\/wp\/v2\/media\/109556"}],"wp:attachment":[{"href":"https:\/\/www.europesays.com\/se\/wp-json\/wp\/v2\/media?parent=109555"}],"wp:term":[{"taxonomy":"category","embeddable":true,"href":"https:\/\/www.europesays.com\/se\/wp-json\/wp\/v2\/categories?post=109555"},{"taxonomy":"post_tag","embeddable":true,"href":"https:\/\/www.europesays.com\/se\/wp-json\/wp\/v2\/tags?post=109555"}],"curies":[{"name":"wp","href":"https:\/\/api.w.org\/{rel}","templated":true}]}}