{"id":109563,"date":"2025-12-18T05:31:11","date_gmt":"2025-12-18T05:31:11","guid":{"rendered":"https:\/\/www.europesays.com\/se\/109563\/"},"modified":"2025-12-18T05:31:11","modified_gmt":"2025-12-18T05:31:11","slug":"ny-miljardaffar-nar-usa-saljer-vapen-till-taiwan","status":"publish","type":"post","link":"https:\/\/www.europesays.com\/se\/109563\/","title":{"rendered":"Ny miljardaff\u00e4r n\u00e4r USA s\u00e4ljer vapen till Taiwan"},"content":{"rendered":"<p>share-arrowDela<\/p>\n<p>unsaveSpara<\/p>\n<p>expand-left<\/p>\n<p>helsk\u00e4rm<img decoding=\"async\" class=\"image-asset hyperion-css-u06ts1\" data-test-tag=\"image-asset\" src=\"https:\/\/www.europesays.com\/se\/wp-content\/uploads\/2025\/12\/3557830c-abb2-4311-9862-49c0251eafa4\"  alt=\"Ett stridsflygplan i Taiwans flygvapen, av den amerikanska modellen F-16. Arkivbild.\"  loading=\"eager\" fetchpriority=\"high\" style=\"aspect-ratio:1900 \/ 1267\"\/>Ett stridsflygplan i Taiwans flygvapen, av den amerikanska modellen F-16. Arkivbild. Foto: Johnson Lai\/AP\/TT<\/p>\n<p class=\"hyperion-css-1shl3oz\" data-test-tag=\"lead-text\">USA:s regering har godk\u00e4nt en omfattande f\u00f6rs\u00e4ljning av vapen till Taiwan. Aff\u00e4ren \u00e4r v\u00e4rd motsvarande cirka 100 miljarder kronor.<\/p>\n<p class=\"hyperion-css-1v9qo5x\">Det \u00e4r andra g\u00e5ngen som USA s\u00e4ljer vapen till Taiwan sedan Donald Trump tilltr\u00e4dde som president under sin andra mandatperiod.<\/p>\n<p class=\"hyperion-css-1v9qo5x\">Aff\u00e4ren omfattar bland annat raketartillerisystemet Himars, dr\u00f6nare och delar till annan utrustning. Vapenpaketet inneh\u00e5ller ocks\u00e5 milit\u00e4r programvara.<\/p>\n<p class=\"hyperion-css-1v9qo5x\">Det amerikanska utrikesdepartementet tillk\u00e4nnagav f\u00f6rs\u00e4ljningen p\u00e5 onsdagen, amerikansk tid, samtidigt som president Donald Trump h\u00f6ll ett nationellt tal i tv. Han n\u00e4mnde varken Kina eller Taiwan under sitt framtr\u00e4dande.<\/p>\n","protected":false},"excerpt":{"rendered":"share-arrowDela unsaveSpara expand-left helsk\u00e4rmEtt stridsflygplan i Taiwans flygvapen, av den amerikanska modellen F-16. Arkivbild. Foto: Johnson Lai\/AP\/TT USA:s&hellip;\n","protected":false},"author":2,"featured_media":109564,"comment_status":"","ping_status":"","sticky":false,"template":"","format":"standard","meta":{"footnotes":""},"categories":[14],"tags":[22,23,26,27,17,21,24,25,28,29,15,16,18,34,31,33,32,30,19,20,51,52,53,54],"class_list":{"0":"post-109563","1":"post","2":"type-post","3":"status-publish","4":"format-standard","5":"has-post-thumbnail","7":"category-varlden","8":"tag-breaking-news","9":"tag-breakingnews","10":"tag-featured-news","11":"tag-featurednews","12":"tag-headlines","13":"tag-huvudnyheter","14":"tag-latest-news","15":"tag-latestnews","16":"tag-main-news","17":"tag-mainnews","18":"tag-news","19":"tag-nyheter","20":"tag-rubriker","21":"tag-se","22":"tag-svenska","23":"tag-sverige","24":"tag-sweden","25":"tag-swedish","26":"tag-top-stories","27":"tag-topstories","28":"tag-varlden","29":"tag-world","30":"tag-world-news","31":"tag-worldnews"},"share_on_mastodon":{"url":"https:\/\/pubeurope.com\/@se\/115738934429871919","error":""},"_links":{"self":[{"href":"https:\/\/www.europesays.com\/se\/wp-json\/wp\/v2\/posts\/109563","targetHints":{"allow":["GET"]}}],"collection":[{"href":"https:\/\/www.europesays.com\/se\/wp-json\/wp\/v2\/posts"}],"about":[{"href":"https:\/\/www.europesays.com\/se\/wp-json\/wp\/v2\/types\/post"}],"author":[{"embeddable":true,"href":"https:\/\/www.europesays.com\/se\/wp-json\/wp\/v2\/users\/2"}],"replies":[{"embeddable":true,"href":"https:\/\/www.europesays.com\/se\/wp-json\/wp\/v2\/comments?post=109563"}],"version-history":[{"count":0,"href":"https:\/\/www.europesays.com\/se\/wp-json\/wp\/v2\/posts\/109563\/revisions"}],"wp:featuredmedia":[{"embeddable":true,"href":"https:\/\/www.europesays.com\/se\/wp-json\/wp\/v2\/media\/109564"}],"wp:attachment":[{"href":"https:\/\/www.europesays.com\/se\/wp-json\/wp\/v2\/media?parent=109563"}],"wp:term":[{"taxonomy":"category","embeddable":true,"href":"https:\/\/www.europesays.com\/se\/wp-json\/wp\/v2\/categories?post=109563"},{"taxonomy":"post_tag","embeddable":true,"href":"https:\/\/www.europesays.com\/se\/wp-json\/wp\/v2\/tags?post=109563"}],"curies":[{"name":"wp","href":"https:\/\/api.w.org\/{rel}","templated":true}]}}