{"id":109566,"date":"2025-12-18T05:34:23","date_gmt":"2025-12-18T05:34:23","guid":{"rendered":"https:\/\/www.europesays.com\/se\/109566\/"},"modified":"2025-12-18T05:34:23","modified_gmt":"2025-12-18T05:34:23","slug":"har-ar-nassjos-mest-olycksdrabbade-vagar-under-julen-smalands-dagblad","status":"publish","type":"post","link":"https:\/\/www.europesays.com\/se\/109566\/","title":{"rendered":"H\u00e4r \u00e4r N\u00e4ssj\u00f6s mest olycksdrabbade v\u00e4gar under julen &#8211; Sm\u00e5lands Dagblad"},"content":{"rendered":"<ol>\n<li><a href=\"https:\/\/news.google.com\/rss\/articles\/CBMilwFBVV95cUxNRGdoOTY5dDZWeUVZelJIaTlkS3hjT1RpOWduZ1V0TEdWeURxVDR1bVAyRms4d1hzekRQZm9WMDRKakFhUWhRdUlvczhlTHl0UFVYM2JUYVM3eWh0SjlUWUxyQUlUb1J6SzRWbkstVlVCdVp0YmpfVGpiZGdlRkViTWRmbkU5OFMyUk1EcnNvaXl1UDlNQTVF?oc=5\" target=\"_blank\" rel=\"nofollow noopener\">H\u00e4r \u00e4r N\u00e4ssj\u00f6s mest olycksdrabbade v\u00e4gar under julen<\/a>&nbsp;&nbsp;Sm\u00e5lands Dagblad<\/li>\n<li><a href=\"https:\/\/news.google.com\/rss\/articles\/CBMilwFBVV95cUxOX0ZwZ0ZoTU1oSjlmNnlBZUNMd3FuVWNYUTJFa2pfQkh4MFFwb3ZIdGpEdG1DaUtqbWFEaVNRcGxBQXM5aEVoVHNjRWptVW01QW9XeWdlaEdBMFN1dGh1R0k1RmxSdjNpeFFrVTJLcFFzQWdGR0VQQkp1dTdZRUNfOHc4NkRPWjhyRDBybXpIQ2gxeE9wY21V?oc=5\" target=\"_blank\" rel=\"nofollow noopener\">Trafikverket redo med bandvagnar inf\u00f6r jultrafiken<\/a>&nbsp;&nbsp;Expressen<\/li>\n<li><a href=\"https:\/\/news.google.com\/rss\/articles\/CBMi0gFBVV95cUxQX0Z1amVHX0J5Z2dmaHNyLUhHaWtZeTZFMGNKZ2xCbks0NnRSN0drUFFvelZqNkRDYlA5Nnk4MjdJLTJDbmZnVU9Sd0JBbG5RLUVGZlFtTTF3X0dvbEF4Z0kxWW5TSjZSNVIwZGZrOUx3RDlydDBsendVWGNqak5aWVhqQW9HM3FDWW5QWkVfQ3dQYXVPdFI4MDNxTjFQMTF4S0N4UDhjLURZaF9iZ1FBN1dwTGVFTjJRdkM3cVk0YzJQcF9fREdXbXAzTHlJUzBvQnc?oc=5\" target=\"_blank\" rel=\"nofollow noopener\">Intensiv trafikhelg kommer allt n\u00e4rmare \u2013 k\u00f6r f\u00f6rsiktigt i jultrafiken<\/a>&nbsp;&nbsp;Via TT<\/li>\n<li><a href=\"https:\/\/news.google.com\/rss\/articles\/CBMiigFBVV95cUxPbGlrQmxGRExBQWxVcFMtbFNEdFB3ZFQtRDVzeFB0cTVSZy1iSjFXZTdPc0NyY2dteExGWmxBU09lTGlKTHVsUEFCUDMyLXoyekFMVFFuVXhvOXFEdlh5OUoxQ0xIOW40S29jMmJ3MWM4V0t6YV9RUnBsOXhEVkFYdjN4T181OTdLVUE?oc=5\" target=\"_blank\" rel=\"nofollow noopener\">LISTA: H\u00e4r \u00e4r de mest olycksdrabbade v\u00e4garna<\/a>&nbsp;&nbsp;Mora Tidning<\/li>\n<li><a href=\"https:\/\/news.google.com\/rss\/articles\/CBMijwFBVV95cUxQNmVyc3BZWnp6Y0pkQlJvdENqWWFIZFhkYmFmSG5PcFIzUTVkOEZRSXFMdW4tVVdwQkRzaXcyNTkxWFZDMV91dUpyRUU2WUt0SW9mQVBFWkVmVnlVX2tqWVpMcFlqcXZJV2VESnd4SktjTGJIX0lodk1aMmo0OHN4M2hwUmZWdTdtZWZNZTBIUQ?oc=5\" target=\"_blank\" rel=\"nofollow noopener\">V\u00e4dret riskerar att g\u00f6ra olyckorna sv\u00e5rare i jul<\/a>&nbsp;&nbsp;SvD<\/li>\n<\/ol>\n","protected":false},"excerpt":{"rendered":"H\u00e4r \u00e4r N\u00e4ssj\u00f6s mest olycksdrabbade v\u00e4gar under julen&nbsp;&nbsp;Sm\u00e5lands Dagblad Trafikverket redo med bandvagnar inf\u00f6r jultrafiken&nbsp;&nbsp;Expressen Intensiv trafikhelg kommer&hellip;\n","protected":false},"author":2,"featured_media":108974,"comment_status":"","ping_status":"","sticky":false,"template":"","format":"standard","meta":{"footnotes":""},"categories":[5],"tags":[22,23,26,27,17,21,24,25,28,29,15,16,18,34,31,33,32,30,19,20],"class_list":{"0":"post-109566","1":"post","2":"type-post","3":"status-publish","4":"format-standard","5":"has-post-thumbnail","7":"category-rubriker","8":"tag-breaking-news","9":"tag-breakingnews","10":"tag-featured-news","11":"tag-featurednews","12":"tag-headlines","13":"tag-huvudnyheter","14":"tag-latest-news","15":"tag-latestnews","16":"tag-main-news","17":"tag-mainnews","18":"tag-news","19":"tag-nyheter","20":"tag-rubriker","21":"tag-se","22":"tag-svenska","23":"tag-sverige","24":"tag-sweden","25":"tag-swedish","26":"tag-top-stories","27":"tag-topstories"},"share_on_mastodon":{"url":"https:\/\/pubeurope.com\/@se\/115738946034220359","error":""},"_links":{"self":[{"href":"https:\/\/www.europesays.com\/se\/wp-json\/wp\/v2\/posts\/109566","targetHints":{"allow":["GET"]}}],"collection":[{"href":"https:\/\/www.europesays.com\/se\/wp-json\/wp\/v2\/posts"}],"about":[{"href":"https:\/\/www.europesays.com\/se\/wp-json\/wp\/v2\/types\/post"}],"author":[{"embeddable":true,"href":"https:\/\/www.europesays.com\/se\/wp-json\/wp\/v2\/users\/2"}],"replies":[{"embeddable":true,"href":"https:\/\/www.europesays.com\/se\/wp-json\/wp\/v2\/comments?post=109566"}],"version-history":[{"count":0,"href":"https:\/\/www.europesays.com\/se\/wp-json\/wp\/v2\/posts\/109566\/revisions"}],"wp:featuredmedia":[{"embeddable":true,"href":"https:\/\/www.europesays.com\/se\/wp-json\/wp\/v2\/media\/108974"}],"wp:attachment":[{"href":"https:\/\/www.europesays.com\/se\/wp-json\/wp\/v2\/media?parent=109566"}],"wp:term":[{"taxonomy":"category","embeddable":true,"href":"https:\/\/www.europesays.com\/se\/wp-json\/wp\/v2\/categories?post=109566"},{"taxonomy":"post_tag","embeddable":true,"href":"https:\/\/www.europesays.com\/se\/wp-json\/wp\/v2\/tags?post=109566"}],"curies":[{"name":"wp","href":"https:\/\/api.w.org\/{rel}","templated":true}]}}