{"id":109603,"date":"2025-12-18T06:42:07","date_gmt":"2025-12-18T06:42:07","guid":{"rendered":"https:\/\/www.europesays.com\/se\/109603\/"},"modified":"2025-12-18T06:42:07","modified_gmt":"2025-12-18T06:42:07","slug":"har-ar-liveartisterna-pa-p3-guld-2026-pressinformation","status":"publish","type":"post","link":"https:\/\/www.europesays.com\/se\/109603\/","title":{"rendered":"H\u00e4r \u00e4r liveartisterna p\u00e5 P3 Guld 2026 &#8211; Pressinformation"},"content":{"rendered":"<p>Under galakv\u00e4llen kommer b\u00e5de publiken p\u00e5 plats p\u00e5 Cirkus och P3-publiken d\u00e4r hemma f\u00e5 ta del av exklusiva framtr\u00e4danden, ov\u00e4ntade kombinationer och nya uttryck som h\u00f6rts flitigt i P3 under \u00e5ret. Tillsammans formar \u00e5rets liveakter en helhet d\u00e4r samtida pop, explosiv energi och framtidens r\u00f6ster st\u00e5r i centrum. <\/p>\n<p>\u2013 \u00c5rets liveupptr\u00e4danden speglar bredden och vitaliteten i svensk musik just nu \u2013 d\u00e4r erfarenhet, nyskapande och en genre\u00f6verskridande lekfullhet m\u00f6ts p\u00e5 en och samma scen, s\u00e4ger <strong>Assaad Daoudi<\/strong>, projektledare f\u00f6r P3 Guld 2026. <\/p>\n<p>Med ett \u00e5r av klubbiga singlar och en nominering till \u00c5rets l\u00e5t, tar Agnes med sig den disco-fl\u00f6rtande dansl\u00e5ten EGO till galan \u2013 f\u00f6r sitt f\u00f6rsta gala-framtr\u00e4dande p\u00e5 flera \u00e5r.\u00a0<\/p>\n<p>Yukimi har med sitt band Little Dragon varit en sj\u00e4lvklar del av den internationella alternativa elektroniska scenen under flera decennier. Debutalbumet som soloartist fr\u00e5n tidigare i \u00e5r kammade hem en nominering till \u00c5rets album, och p\u00e5 P3 Guld 2026 kommer hon bjuda p\u00e5 sitt unika vokala sv\u00e4ng.<\/p>\n<p>Fanny Avonne &amp; Tjuvjakts l\u00e5ngk\u00f6rare Tusen sp\u00e4nn, som \u00e4r nominerad i kategorin \u00c5rets l\u00e5t, kan inte ha undg\u00e5tt n\u00e5gon det h\u00e4r \u00e5ret. De utlovar en mashup framtagen unikt f\u00f6r P3-publiken, med en blandning av popmelodier och mjukt hiphop-flow. <\/p>\n<p>\u2013 Det ska bli j\u00e4ttekul att f\u00e5 upptr\u00e4da p\u00e5 P3 Guld, det \u00e4r f\u00f6rsta g\u00e5ngen f\u00f6r oss och vi ser fram emot den h\u00e4r milstolpen i karri\u00e4ren, s\u00e4ger <strong>Fanny Avonne<\/strong> och <strong>Tjuvjakt<\/strong> om sin medverkan.\u00a0<\/p>\n<p>Deki Alem, k\u00e4nda f\u00f6r sin r\u00e5a och p\u00e5 samma g\u00e5ng melodiska genre\u00f6verskridande musik, \u00e4r ocks\u00e5 nominerade till \u00c5rets album. Nu tar de f\u00f6r f\u00f6rsta g\u00e5ngen sin kompromissl\u00f6sa live-energi till P3 Guld-scenen, f\u00f6r ett upptr\u00e4dande ut\u00f6ver det vanliga.\u00a0<\/p>\n<p>Med Who are you? har dubbelt nominerade Saga Faye tagit steget fram som en av de mest intressanta nya pop-r\u00f6sterna under \u00e5ret som g\u00e5tt, b\u00e5de p\u00e5 hemmaplan och ute i Europa. P\u00e5 P3 Guld f\u00e5r publiken ta del av hennes dagsboksantecknignar i pop-format live.<\/p>\n<p>P3 Guld direkts\u00e4nds den 16 januari 2026 kl. 20.00 i P3 Sveriges Radio och i appen Sveriges Radio. Kv\u00e4llens h\u00f6jdpunkter distribueras l\u00f6pande ut i appen och i P3:s sociala kanaler.\u00a0<\/p>\n<p>Redan kl.18.00 startar f\u00f6rfests\u00e4ndningen live fr\u00e5n r\u00f6da mattan med Siri Fagerudd, och direkt efter galans slut blir det officiellt eftersnack med Tina Mehrafzoon och \u00e5rets vinnare hela v\u00e4gen fram till kl. 22.00.\u00a0\u00a0<\/p>\n<p>P\u00e5 P3 Guld 2026 \u00e4r det P3:s musikjury som utser vinnarna i alla priskategorier, f\u00f6rutom \u00c5rets l\u00e5t d\u00e4r vinnaren r\u00f6stas fram av P3-publiken.<\/p>\n<p>Pressbilder f\u00f6r upptr\u00e4dande artister finns <a target=\"_blank\" rel=\"noopener noreferrer nofollow\" href=\"https:\/\/eur02.safelinks.protection.outlook.com\/?url=https%3A%2F%2Fsverigesradio.bildbank.se%2Fsv%2Fdelad%2Ffy1ejgktuv&amp;data=05%7C02%7Ceva.sahlin%40sr.se%7C31949381470844d3c15008de3d9be1b0%7Ce6f51813fc804326867605ca09c823a2%7C0%7C0%7C639015936892118409%7CUnknown%7CTWFpbGZsb3d8eyJFbXB0eU1hcGkiOnRydWUsIlYiOiIwLjAuMDAwMCIsIlAiOiJXaW4zMiIsIkFOIjoiTWFpbCIsIldUIjoyfQ%3D%3D%7C0%7C%7C%7C&amp;sdata=hCiOWRnj1leydT7iPqKDmxhDJxmSHJRyKAndxfIGIyw%3D&amp;reserved=0\">h\u00e4r.<\/a><\/p>\n<p>Biografier \u2013 upptr\u00e4dande artister P3 Guld 2026: <\/p>\n<p><strong>Agnes<br \/><\/strong>Med en l\u00e5ng karri\u00e4r och internationella framg\u00e5ngar i ryggen \u00e4r Agnes en av Sveriges mest sj\u00e4lvs\u00e4kra och konsekventa popartister. Under senare \u00e5r har hon utvecklat ett mer personligt och samtida uttryck, d\u00e4r precision, integritet och emotionell styrka st\u00e5r i centrum.\u00a0<\/p>\n<p><strong>Deki Alem<br \/><\/strong>I centrum av Deki Alem st\u00e5r tvillingarna Johnny och Sammy Boakye Bennett, och ett sound som konfronterar, skaver och blottar sp\u00e4nningarna under ytan. Med hyllade EP:s som Fluent Stutter och Among Heads, och debutalbumet Forget In Mass har de gjort avtryck p\u00e5 P3 och p\u00e5 den svenska livescenen. Deras musik pr\u00e4glas av stark estetik, k\u00e4nslom\u00e4ssiga kontraster och en tydlig vilja att t\u00e4nja p\u00e5 genregr\u00e4nserna.\u00a0<\/p>\n<p><strong>Fanny Avonne<br \/><\/strong>2025 \u00e4r \u00e5ret d\u00e5 Fanny Avonne f\u00e5tt sitt stora genombrott med l\u00e5tar som Tusen sp\u00e4nn, Tiden l\u00e4ker alla s\u00e5r och V\u00e4xtv\u00e4rk. Fanny Avonne har etablerat sig som en k\u00e4nslostark och kompromissl\u00f6s popartist med en tydlig r\u00f6st i b\u00e5de uttryck och inneh\u00e5ll. Hennes musik r\u00f6r sig n\u00e4ra samtiden, ofta med ett direkt tilltal och melodier som stannar kvar.<\/p>\n<p><strong>Tjuvjakt<br \/><\/strong>Tjuvjakt \u00e4r en av Sveriges mest publikn\u00e4ra hiphop-akter, k\u00e4nda f\u00f6r sin tr\u00e4ffs\u00e4kra humor, sitt vardagsn\u00e4ra ber\u00e4ttande och sin starka scenn\u00e4rvaro. Med flera generationer lyssnare bakom sig har gruppen byggt ett eget universum d\u00e4r lekfullhet och allvar samexisterar.<\/p>\n<p><strong>Saga Faye<br \/><\/strong>Med miljontals Spotifylyssningar och ett uttryck som r\u00f6r sig mellan dr\u00f6msk n\u00e4rhet och tydlig pop-k\u00e4nsla har Saga Faye snabbt etablerat sig som en av de mest intressanta nya r\u00f6sterna i svensk musik. Hennes l\u00e5tar b\u00e4rs av en personlig r\u00f6st och texter som kretsar kring identitet, relationer och sj\u00e4lvbild.<\/p>\n<p><strong>Yukimi<br \/><\/strong>Etablerad som s\u00e5ngaren i bandet Little Dragon har hon nu sl\u00e4ppt sitt f\u00f6rsta soloalbum. Med en r\u00f6st som \u00e4r b\u00e5de omedelbar och sf\u00e4risk har Yukimi l\u00e4nge varit en central gestalt inom alternativ soul, pop och elektronisk musik. Som artist r\u00f6r hon sig s\u00f6ml\u00f6st mellan det intima och det expansiva, med ett uttryck som \u00e4r lika k\u00e4nslom\u00e4ssigt som tekniskt skickligt.<\/p>\n<p><strong>Samtliga liveakter P3 Guld 2026<\/strong><br \/>Agnes<br \/>Deki Alem<br \/>Fanny Avonne &amp; Tjuvjakt<br \/>Saga Faye<br \/>Yukimi<\/p>\n<p><strong>F\u00f6r mer information, v\u00e4nligen kontakta:<\/strong><\/p>\n<p>Malin Weisby Kratz<a class=\"external-link\" rel=\"noreferrer noopener nofollow\" target=\"_blank\" href=\"https:\/\/www.sverigesradio.se\/artikel\/mailto:Kratz\ufffcmalin@weisbykratzkommunikation.se\"><a class=\"internal-link\" target=\"_self\" href=\"https:\/\/www.sverigesradio.se\/artikel\/mailto:Kratz\ufffcmalin@weisbykratzkommunikation.se\" rel=\"nofollow noopener\"><a target=\"_blank\" rel=\"noopener noreferrer nofollow\" href=\"https:\/\/www.sverigesradio.se\/artikel\/mailto:Kratz\ufffcmalin@weisbykratzkommunikation.se\"><br \/>malin@weisbykratzkommunikation.se<\/a><br \/>+46736140981\u00a0\u00a0\u00a0\u00a0\u00a0\u00a0\u00a0\u00a0\u00a0\u00a0\u00a0\u00a0\u00a0\u00a0\u00a0\u00a0\u00a0\u00a0\u00a0\u00a0\u00a0\u00a0\u00a0\u00a0\u00a0\u00a0\u00a0\u00a0\u00a0\u00a0\u00a0\u00a0\u00a0\u00a0\u00a0\u00a0\u00a0\u00a0\u00a0\u00a0\u00a0\u00a0\u00a0\u00a0\u00a0\u00a0\u00a0\u00a0\u00a0\u00a0\u00a0\u00a0\u00a0\u00a0\u00a0\u00a0\u00a0\u00a0\u00a0\u00a0\u00a0\u00a0\u00a0\u00a0\u00a0\u00a0\u00a0\u00a0\u00a0\u00a0\u00a0\u00a0\u00a0\u00a0\u00a0\u00a0\u00a0\u00a0\u00a0\u00a0\u00a0\u00a0\u00a0\u00a0\u00a0\u00a0\u00a0\u00a0\u00a0\u00a0\u00a0\u00a0\u00a0\u00a0\u00a0\u00a0\u00a0\u00a0\u00a0\u00a0\u00a0\u00a0\u00a0\u00a0\u00a0<\/p>\n<p>Johanna Strand<a class=\"external-link\" rel=\"noreferrer noopener nofollow\" target=\"_blank\" href=\"https:\/\/www.sverigesradio.se\/artikel\/mailto:Strand\ufffcjohanna@strandpr.se\"><a class=\"internal-link\" target=\"_self\" href=\"https:\/\/www.sverigesradio.se\/artikel\/mailto:Strand\ufffcjohanna@strandpr.se\" rel=\"nofollow noopener\"><a target=\"_blank\" rel=\"noopener noreferrer nofollow\" href=\"https:\/\/www.sverigesradio.se\/artikel\/mailto:Strand\ufffcjohanna@strandpr.se\"><br \/>johanna@strandpr.se<\/a><br \/>+46707327366<\/p>\n","protected":false},"excerpt":{"rendered":"Under galakv\u00e4llen kommer b\u00e5de publiken p\u00e5 plats p\u00e5 Cirkus och P3-publiken d\u00e4r hemma f\u00e5 ta del av exklusiva&hellip;\n","protected":false},"author":2,"featured_media":109604,"comment_status":"","ping_status":"","sticky":false,"template":"","format":"standard","meta":{"footnotes":""},"categories":[67],"tags":[104,1183,1184,1181,1180,34,1182,31,33,32,30,105],"class_list":{"0":"post-109603","1":"post","2":"type-post","3":"status-publish","4":"format-standard","5":"has-post-thumbnail","7":"category-underhallning","8":"tag-entertainment","9":"tag-press-sr","10":"tag-pressinfo-sr","11":"tag-pressinformation-sr","12":"tag-presstjnsten-sveriges-radio","13":"tag-se","14":"tag-sr-press","15":"tag-svenska","16":"tag-sverige","17":"tag-sweden","18":"tag-swedish","19":"tag-underhallning"},"share_on_mastodon":{"url":"https:\/\/pubeurope.com\/@se\/115739213357638318","error":""},"_links":{"self":[{"href":"https:\/\/www.europesays.com\/se\/wp-json\/wp\/v2\/posts\/109603","targetHints":{"allow":["GET"]}}],"collection":[{"href":"https:\/\/www.europesays.com\/se\/wp-json\/wp\/v2\/posts"}],"about":[{"href":"https:\/\/www.europesays.com\/se\/wp-json\/wp\/v2\/types\/post"}],"author":[{"embeddable":true,"href":"https:\/\/www.europesays.com\/se\/wp-json\/wp\/v2\/users\/2"}],"replies":[{"embeddable":true,"href":"https:\/\/www.europesays.com\/se\/wp-json\/wp\/v2\/comments?post=109603"}],"version-history":[{"count":0,"href":"https:\/\/www.europesays.com\/se\/wp-json\/wp\/v2\/posts\/109603\/revisions"}],"wp:featuredmedia":[{"embeddable":true,"href":"https:\/\/www.europesays.com\/se\/wp-json\/wp\/v2\/media\/109604"}],"wp:attachment":[{"href":"https:\/\/www.europesays.com\/se\/wp-json\/wp\/v2\/media?parent=109603"}],"wp:term":[{"taxonomy":"category","embeddable":true,"href":"https:\/\/www.europesays.com\/se\/wp-json\/wp\/v2\/categories?post=109603"},{"taxonomy":"post_tag","embeddable":true,"href":"https:\/\/www.europesays.com\/se\/wp-json\/wp\/v2\/tags?post=109603"}],"curies":[{"name":"wp","href":"https:\/\/api.w.org\/{rel}","templated":true}]}}