{"id":109612,"date":"2025-12-18T06:53:11","date_gmt":"2025-12-18T06:53:11","guid":{"rendered":"https:\/\/www.europesays.com\/se\/109612\/"},"modified":"2025-12-18T06:53:11","modified_gmt":"2025-12-18T06:53:11","slug":"vara-barn-mar-allt-samre-forbjud-sociala-medier-aven-i-sverige","status":"publish","type":"post","link":"https:\/\/www.europesays.com\/se\/109612\/","title":{"rendered":"V\u00e5ra barn m\u00e5r allt s\u00e4mre \u2013 f\u00f6rbjud sociala medier \u00e4ven i Sverige"},"content":{"rendered":"<p>Psykiatrin i Sverige och inte minst i v\u00e5rt l\u00e4n beh\u00f6ver all hj\u00e4lp den kan f\u00e5. Personal har vittnat i media om hur deras verklighet ser ut i vardagen. Att f\u00f6rs\u00f6ka stoppa ett st\u00e4ndigt rinnande fl\u00f6de k\u00e4nns helt om\u00f6jligt. D\u00e4rf\u00f6r m\u00e5ste en av flera grundorsaker lyftas upp, varf\u00f6r barn och unga m\u00e5r s\u00e5 d\u00e5ligt.<\/p>\n<p>Psykiatrisk h\u00e4lsa hos barn och unga har uppm\u00e4rksammats i hela v\u00e4rlden. Australien och Nya Zeeland har tagit beslut att stoppa mobilanv\u00e4ndning tills barn \u00e4r 16\u201318 \u00e5r gamla. Fler l\u00e4nder \u00e4r p\u00e5 v\u00e4g att g\u00f6ra detsamma. Forskningen har visat p\u00e5 orsaken till att barn och unga m\u00e5r allt s\u00e4mre. N\u00e4r f\u00f6r\u00e4ldrar b\u00f6rjade k\u00f6pa mobiler till sina sm\u00e5 barn i b\u00f6rjan av 2000-talet eskalerade det.<\/p>\n<p>N\u00e4r jag har g\u00e5tt in och kollat sajter som barn kan vara p\u00e5, har jag blivit f\u00f6rskr\u00e4ckt. Mobbing, hot, hat, avskyv\u00e4rda kommentarer om banala sm\u00e5saker, det kan f\u00e5 vem som helst att m\u00e5 d\u00e5ligt. F\u00f6r\u00e4ldrar som tror sig s\u00e4kra om att ha koll, har det inte dygnets alla 24 timmar. Barn kan vara r\u00e4tt f\u00f6rslagna.<\/p>\n<p>Det hat som triggas ig\u00e5ng \u00e4r bedr\u00f6vligt. Och vi kan inte vara ett land d\u00e4r 12-\u00e5ringar skjuter ihj\u00e4l folk.<\/p>\n<p>Inom Psykiatricentrum sker nu en hel del p\u00e5 kort sikt. Men att ha en oms\u00e4ttning p\u00e5 1,3 miljarder kronor och nu f\u00f6rslaget att pytsa in 20 miljoner g\u00f6r inte s\u00e5 stor skillnad. En sk\u00f6tare ger inte mycket f\u00f6r det utan tycker det l\u00e5ter som &#8221;det vanliga politiska snacket&#8221;. Under hela 2000-talet har olika politiker haft makten, allts\u00e5 i 25 \u00e5r! Mycket liten uppm\u00e4rksamhet eller ingen alls har \u00e4gnats \u00e5t anv\u00e4ndningen av mobiler och kopplingen till m\u00e5endet hos barn och unga. Allts\u00e5 orsak och verkan!<\/p>\n<p>P\u00e5 kort sikt kan alla samh\u00e4llsinstanser hj\u00e4lpa till p\u00e5 m\u00e5nga s\u00e4tt. F\u00f6reningar, inte minst idrottsr\u00f6relser, organisationer, offentliga partnerskap och ut\u00f6kat st\u00f6d till v\u00e5rdcentraler och skolor via fler psykologer och kuratorer kan f\u00e5nga upp de unga och f\u00e5 in dem i n\u00e5got intresse. S\u00e5ng, musik, dans, r\u00f6relse och h\u00e4lsa b\u00e5de i skolan och p\u00e5 fritiden frig\u00f6r oxytocin, endorfiner och serotonin bland annat i hj\u00e4rnan, som g\u00f6r att m\u00e4nniskor m\u00e5r bra.<\/p>\n<p>Vilka dj\u00e4rva politiker v\u00e5gar lyfta fr\u00e5gan om att f\u00f6lja Australiens och Nya Zeelands exempel? Ska Sverige bli f\u00f6rst i Europa eller sist? F\u00f6r det h\u00e4r diskuteras i m\u00e5nga l\u00e4nder nu och n\u00e4r ett land beslutar sig kommer det att g\u00e5 fort.<\/p>\n","protected":false},"excerpt":{"rendered":"Psykiatrin i Sverige och inte minst i v\u00e5rt l\u00e4n beh\u00f6ver all hj\u00e4lp den kan f\u00e5. Personal har vittnat&hellip;\n","protected":false},"author":2,"featured_media":89855,"comment_status":"","ping_status":"","sticky":false,"template":"","format":"standard","meta":{"footnotes":""},"categories":[14],"tags":[22,23,26,27,17,21,24,25,28,29,15,16,18,34,31,33,32,30,19,20,51,52,53,54],"class_list":{"0":"post-109612","1":"post","2":"type-post","3":"status-publish","4":"format-standard","5":"has-post-thumbnail","7":"category-varlden","8":"tag-breaking-news","9":"tag-breakingnews","10":"tag-featured-news","11":"tag-featurednews","12":"tag-headlines","13":"tag-huvudnyheter","14":"tag-latest-news","15":"tag-latestnews","16":"tag-main-news","17":"tag-mainnews","18":"tag-news","19":"tag-nyheter","20":"tag-rubriker","21":"tag-se","22":"tag-svenska","23":"tag-sverige","24":"tag-sweden","25":"tag-swedish","26":"tag-top-stories","27":"tag-topstories","28":"tag-varlden","29":"tag-world","30":"tag-world-news","31":"tag-worldnews"},"share_on_mastodon":{"url":"https:\/\/pubeurope.com\/@se\/115739256677110760","error":""},"_links":{"self":[{"href":"https:\/\/www.europesays.com\/se\/wp-json\/wp\/v2\/posts\/109612","targetHints":{"allow":["GET"]}}],"collection":[{"href":"https:\/\/www.europesays.com\/se\/wp-json\/wp\/v2\/posts"}],"about":[{"href":"https:\/\/www.europesays.com\/se\/wp-json\/wp\/v2\/types\/post"}],"author":[{"embeddable":true,"href":"https:\/\/www.europesays.com\/se\/wp-json\/wp\/v2\/users\/2"}],"replies":[{"embeddable":true,"href":"https:\/\/www.europesays.com\/se\/wp-json\/wp\/v2\/comments?post=109612"}],"version-history":[{"count":0,"href":"https:\/\/www.europesays.com\/se\/wp-json\/wp\/v2\/posts\/109612\/revisions"}],"wp:featuredmedia":[{"embeddable":true,"href":"https:\/\/www.europesays.com\/se\/wp-json\/wp\/v2\/media\/89855"}],"wp:attachment":[{"href":"https:\/\/www.europesays.com\/se\/wp-json\/wp\/v2\/media?parent=109612"}],"wp:term":[{"taxonomy":"category","embeddable":true,"href":"https:\/\/www.europesays.com\/se\/wp-json\/wp\/v2\/categories?post=109612"},{"taxonomy":"post_tag","embeddable":true,"href":"https:\/\/www.europesays.com\/se\/wp-json\/wp\/v2\/tags?post=109612"}],"curies":[{"name":"wp","href":"https:\/\/api.w.org\/{rel}","templated":true}]}}