{"id":109620,"date":"2025-12-18T07:13:54","date_gmt":"2025-12-18T07:13:54","guid":{"rendered":"https:\/\/www.europesays.com\/se\/109620\/"},"modified":"2025-12-18T07:13:54","modified_gmt":"2025-12-18T07:13:54","slug":"utkladda-vagarbetare-jagas-for-miljonkupper-i-goteborg","status":"publish","type":"post","link":"https:\/\/www.europesays.com\/se\/109620\/","title":{"rendered":"Utkl\u00e4dda v\u00e4garbetare jagas f\u00f6r miljonkupper i G\u00f6teborg"},"content":{"rendered":"<p class=\"sc-c25743f0-0 sc-e37c0145-2 hObFds DQgPn\">De spektakul\u00e4ra st\u00f6lderna beskrivs som v\u00e4lplanerade och organiserade \u2013 och flera har skett p\u00e5 kort tid.<\/p>\n<p class=\"sc-c25743f0-0 sc-e37c0145-2 hObFds DQgPn\">\u2013 Jag kan bekr\u00e4fta att vi har haft minst tre tillf\u00e4llen i G\u00f6teborgsomr\u00e5det under h\u00f6sten, s\u00e4ger Ulf Andreasson, polisens f\u00f6runders\u00f6kningsledare som \u00e4r specialiserad p\u00e5 brott mot samh\u00e4llsviktig verksamhet.<\/p>\n<p class=\"sc-c25743f0-0 sc-e37c0145-2 hObFds DQgPn\">G\u00e4rningsm\u00e4nnen har varit f\u00f6rkl\u00e4dda och l\u00e5tsats vara v\u00e4garbetare. Ligan har best\u00e5tt av flera personer som upptr\u00e4tt som om de jobbat i arbetslag \u2013 och sp\u00e4rrat av gator eller ett kvarter.<\/p>\n<p class=\"sc-c25743f0-0 sc-e37c0145-2 hObFds DQgPn\">\u2013 Det \u00e4r hela uppl\u00e4gget. De har arbetsfordon, arbetskl\u00e4der och man st\u00e4ller upp avsp\u00e4rrningsutrustning och upptr\u00e4der som om man \u00e4r d\u00e4r i ett legalt \u00e4rende, s\u00e4ger Ulf Andreasson.<\/p>\n<p class=\"sc-c25743f0-0 sc-e37c0145-2 hObFds DQgPn\">I st\u00e4llet har \u201dv\u00e4garbetarna\u201d, enligt uppgifter till TV4 Nyheterna, tagit sig ned under marken genom att bland annat hoppa ned i brunnar \u2013 f\u00f6r att komma \u00e5t elkablar. M\u00e5let har varit koppar.<\/p>\n<p class=\"sc-c25743f0-0 sc-e37c0145-2 hObFds DQgPn\">\u2013 Det \u00e4r kopparkablar som har varit nedgr\u00e4vda som har tillgripits. Man har g\u00e5tt ned d\u00e4r de sammankopplas, knutpunkten, och dragit ut dem. De har tagit sig in i utrymmen d\u00e4r olika kablar sammanstr\u00e5lar och kopplas ihop i marken. Jag vill inte g\u00e5 in p\u00e5 exakta detaljer, s\u00e4ger Ulf Andreasson.<\/p>\n<p>F\u00f6rsvinner sp\u00e5rl\u00f6st \u2013 polisen v\u00e4djar om tips<\/p>\n<p class=\"sc-c25743f0-0 sc-e37c0145-2 hObFds DQgPn\">Enligt uppgifter till TV4 Nyheterna bed\u00f6ms v\u00e4rdet av den tillgripna kopparn till miljonbelopp. Polisen vill inte bekr\u00e4fta summan men uppger att st\u00f6lderna orsakat skador p\u00e5 samh\u00e4llskritisk infrastruktur och rubricerats som bland annat sabotage. S\u00e4kerhetspolisen ska ha informerats om \u00e4rendena, enligt uppgifter.<\/p>\n<p class=\"sc-c25743f0-0 sc-e37c0145-2 hObFds DQgPn\">\u2013 Efterverkningar blir ganska stora beroende p\u00e5 vad det \u00e4r f\u00f6r kablar som rycks ut. Det \u00e4r k\u00e4nsliga anl\u00e4ggningar och infrastruktur det r\u00f6r sig om, d\u00e4rf\u00f6r vill jag inte g\u00e5 in p\u00e5 detaljer om hur man g\u00e5tt till v\u00e4ga. Men det kan f\u00e5 stora konsekvenser om telefonn\u00e4tet sl\u00e5s ur f\u00f6r ett omr\u00e5de, att elen f\u00f6rsvinner eller att man f\u00e5r ett bortfall i sitt datan\u00e4t. Det kan f\u00e5 en stor p\u00e5verkan p\u00e5 v\u00e5r infrastruktur, s\u00e4ger Ulf Andreasson.<\/p>\n<p class=\"sc-c25743f0-0 sc-e37c0145-2 hObFds DQgPn\">Ingen \u00e4r \u00e4nnu gripen eller misst\u00e4nkt f\u00f6r st\u00f6lderna. G\u00e4rningsm\u00e4nnen har varje g\u00e5ng lyckats f\u00f6rsvinna sp\u00e5rl\u00f6st med kopparn, trots att allt skett helt \u00f6ppet och framf\u00f6r \u00f6gonen p\u00e5 allm\u00e4nheten. Polisen efterlyser d\u00e4rf\u00f6r tips och uppmanar personer att vara extra uppm\u00e4rksamma kring v\u00e4gbyggen.<\/p>\n<p class=\"sc-c25743f0-0 sc-e37c0145-2 hObFds DQgPn\">\u2013 Vi vill flagga f\u00f6r allm\u00e4nheten att vara observanta. Om man ser ett s\u00e5dant p\u00e5g\u00e5ende arbete ute p\u00e5 offentliga platser och om man reagerar p\u00e5 n\u00e5got vis som v\u00e4cker ens uppm\u00e4rksamhet s\u00e5 \u00e4r vi tacksamma f\u00f6r en p\u00e5ringning eller att man tar kontakt med det bolag som hanterar kablarna p\u00e5 platsen.<\/p>\n<p>Jagar personer med specialkompetens<\/p>\n<p class=\"sc-c25743f0-0 sc-e37c0145-2 hObFds DQgPn\">Polisen misst\u00e4nker att det kan handla om en utl\u00e4ndsk st\u00f6ldliga som ligger bakom miljonkupperna \u2013 och att koppartjuvarna \u00e4r professionella och har en viss yrkeskompetens. Det \u00e4r n\u00e5gra av polisens sp\u00e5r i jakten p\u00e5 misst\u00e4nkta.<\/p>\n<p class=\"sc-c25743f0-0 sc-e37c0145-2 hObFds DQgPn\">\u2013 Koppar \u00e4r st\u00f6ldbeg\u00e4rligt i perioder beroende p\u00e5 priset men det kr\u00e4vs att de som g\u00f6r det har en viss kunskap om utf\u00f6randet.<\/p>\n<p class=\"sc-c25743f0-0 sc-e37c0145-2 hObFds DQgPn\">\u2013 Tittar man generellt n\u00e4r vi har haft internationellt brottsn\u00e4tverk som har varit h\u00e4r och agerat har de riktat in sig p\u00e5 ett fokusomr\u00e5de. Det kan vara <a href=\"https:\/\/www.tv4.se\/artikel\/6TMu3JnDJm1lQnscdYHJpp\/person-i-adidas-sko-jagas-efter-miljonkupp-mot-haeststall\" class=\"pcc\" target=\"_top\" rel=\"nofollow noopener\">h\u00e4stsadelst\u00f6lder<\/a>, speciella bilar eller b\u00e5tar. Det finns \u00f6ppningar att det skulle vara s\u00e5 i de h\u00e4r fallen ocks\u00e5, att man riktat in sig p\u00e5 ett speciellt omr\u00e5de eller vara.<\/p>\n","protected":false},"excerpt":{"rendered":"De spektakul\u00e4ra st\u00f6lderna beskrivs som v\u00e4lplanerade och organiserade \u2013 och flera har skett p\u00e5 kort tid. \u2013 Jag&hellip;\n","protected":false},"author":2,"featured_media":109621,"comment_status":"","ping_status":"","sticky":false,"template":"","format":"standard","meta":{"footnotes":""},"categories":[14],"tags":[22,23,26,27,17,21,24,25,28,29,15,16,18,34,31,33,32,30,19,20,51,52,53,54],"class_list":{"0":"post-109620","1":"post","2":"type-post","3":"status-publish","4":"format-standard","5":"has-post-thumbnail","7":"category-varlden","8":"tag-breaking-news","9":"tag-breakingnews","10":"tag-featured-news","11":"tag-featurednews","12":"tag-headlines","13":"tag-huvudnyheter","14":"tag-latest-news","15":"tag-latestnews","16":"tag-main-news","17":"tag-mainnews","18":"tag-news","19":"tag-nyheter","20":"tag-rubriker","21":"tag-se","22":"tag-svenska","23":"tag-sverige","24":"tag-sweden","25":"tag-swedish","26":"tag-top-stories","27":"tag-topstories","28":"tag-varlden","29":"tag-world","30":"tag-world-news","31":"tag-worldnews"},"share_on_mastodon":{"url":"https:\/\/pubeurope.com\/@se\/115739339201459653","error":""},"_links":{"self":[{"href":"https:\/\/www.europesays.com\/se\/wp-json\/wp\/v2\/posts\/109620","targetHints":{"allow":["GET"]}}],"collection":[{"href":"https:\/\/www.europesays.com\/se\/wp-json\/wp\/v2\/posts"}],"about":[{"href":"https:\/\/www.europesays.com\/se\/wp-json\/wp\/v2\/types\/post"}],"author":[{"embeddable":true,"href":"https:\/\/www.europesays.com\/se\/wp-json\/wp\/v2\/users\/2"}],"replies":[{"embeddable":true,"href":"https:\/\/www.europesays.com\/se\/wp-json\/wp\/v2\/comments?post=109620"}],"version-history":[{"count":0,"href":"https:\/\/www.europesays.com\/se\/wp-json\/wp\/v2\/posts\/109620\/revisions"}],"wp:featuredmedia":[{"embeddable":true,"href":"https:\/\/www.europesays.com\/se\/wp-json\/wp\/v2\/media\/109621"}],"wp:attachment":[{"href":"https:\/\/www.europesays.com\/se\/wp-json\/wp\/v2\/media?parent=109620"}],"wp:term":[{"taxonomy":"category","embeddable":true,"href":"https:\/\/www.europesays.com\/se\/wp-json\/wp\/v2\/categories?post=109620"},{"taxonomy":"post_tag","embeddable":true,"href":"https:\/\/www.europesays.com\/se\/wp-json\/wp\/v2\/tags?post=109620"}],"curies":[{"name":"wp","href":"https:\/\/api.w.org\/{rel}","templated":true}]}}