{"id":109651,"date":"2025-12-18T07:42:10","date_gmt":"2025-12-18T07:42:10","guid":{"rendered":"https:\/\/www.europesays.com\/se\/109651\/"},"modified":"2025-12-18T07:42:10","modified_gmt":"2025-12-18T07:42:10","slug":"svensk-gangkriminalitet-pa-export-svt-nyheter","status":"publish","type":"post","link":"https:\/\/www.europesays.com\/se\/109651\/","title":{"rendered":"Svensk g\u00e4ngkriminalitet p\u00e5 export | SVT Nyheter"},"content":{"rendered":"<p>Kriminella g\u00e4ng runt om i Europa inspireras av de svenska g\u00e4ngens metod att anv\u00e4nda barn som g\u00e4rningsm\u00e4n. Det uppger Europol f\u00f6r SVT Nyheter.<\/p>\n<p>\u2013 Vi ser att det sprider sig som en l\u00f6peld, det \u00e4r inte l\u00e4ngre ett svenskt problem utan ett europeiskt, s\u00e4ger Andy Kraag, chef f\u00f6r det europeiska centret mot organiserad brottslighet. <\/p>\n<p>Europeiska brottssyndikat har \u00e4ven tagit \u00f6ver metoden att rekrytera via sociala medier och spelplattformar. Svensk polis har f\u00e5tt kritik p\u00e5 hemmaplan, men nu utbildar man sina europeiska kolleger i bem\u00f6tandet.<\/p>\n","protected":false},"excerpt":{"rendered":"Kriminella g\u00e4ng runt om i Europa inspireras av de svenska g\u00e4ngens metod att anv\u00e4nda barn som g\u00e4rningsm\u00e4n. Det&hellip;\n","protected":false},"author":2,"featured_media":793,"comment_status":"","ping_status":"","sticky":false,"template":"","format":"standard","meta":{"footnotes":""},"categories":[14],"tags":[22,23,26,27,17,21,24,25,28,29,15,16,18,34,31,33,32,30,19,20,51,52,53,54],"class_list":{"0":"post-109651","1":"post","2":"type-post","3":"status-publish","4":"format-standard","5":"has-post-thumbnail","7":"category-varlden","8":"tag-breaking-news","9":"tag-breakingnews","10":"tag-featured-news","11":"tag-featurednews","12":"tag-headlines","13":"tag-huvudnyheter","14":"tag-latest-news","15":"tag-latestnews","16":"tag-main-news","17":"tag-mainnews","18":"tag-news","19":"tag-nyheter","20":"tag-rubriker","21":"tag-se","22":"tag-svenska","23":"tag-sverige","24":"tag-sweden","25":"tag-swedish","26":"tag-top-stories","27":"tag-topstories","28":"tag-varlden","29":"tag-world","30":"tag-world-news","31":"tag-worldnews"},"share_on_mastodon":{"url":"https:\/\/pubeurope.com\/@se\/115739449264849194","error":""},"_links":{"self":[{"href":"https:\/\/www.europesays.com\/se\/wp-json\/wp\/v2\/posts\/109651","targetHints":{"allow":["GET"]}}],"collection":[{"href":"https:\/\/www.europesays.com\/se\/wp-json\/wp\/v2\/posts"}],"about":[{"href":"https:\/\/www.europesays.com\/se\/wp-json\/wp\/v2\/types\/post"}],"author":[{"embeddable":true,"href":"https:\/\/www.europesays.com\/se\/wp-json\/wp\/v2\/users\/2"}],"replies":[{"embeddable":true,"href":"https:\/\/www.europesays.com\/se\/wp-json\/wp\/v2\/comments?post=109651"}],"version-history":[{"count":0,"href":"https:\/\/www.europesays.com\/se\/wp-json\/wp\/v2\/posts\/109651\/revisions"}],"wp:featuredmedia":[{"embeddable":true,"href":"https:\/\/www.europesays.com\/se\/wp-json\/wp\/v2\/media\/793"}],"wp:attachment":[{"href":"https:\/\/www.europesays.com\/se\/wp-json\/wp\/v2\/media?parent=109651"}],"wp:term":[{"taxonomy":"category","embeddable":true,"href":"https:\/\/www.europesays.com\/se\/wp-json\/wp\/v2\/categories?post=109651"},{"taxonomy":"post_tag","embeddable":true,"href":"https:\/\/www.europesays.com\/se\/wp-json\/wp\/v2\/tags?post=109651"}],"curies":[{"name":"wp","href":"https:\/\/api.w.org\/{rel}","templated":true}]}}