{"id":109655,"date":"2025-12-18T07:55:29","date_gmt":"2025-12-18T07:55:29","guid":{"rendered":"https:\/\/www.europesays.com\/se\/109655\/"},"modified":"2025-12-18T07:55:29","modified_gmt":"2025-12-18T07:55:29","slug":"domstol-avgor-ar-danmarks-gettolista-olaglig","status":"publish","type":"post","link":"https:\/\/www.europesays.com\/se\/109655\/","title":{"rendered":"Domstol avg\u00f6r: \u00c4r Danmarks &#8221;gettolista&#8221; olaglig?"},"content":{"rendered":"<p>Ett flyttlass med v\u00e4skor och kartonger st\u00e5r uppst\u00e4llt utanf\u00f6r Mj\u00f8lnerparken, ett omr\u00e5de i nordv\u00e4stra K\u00f6penhamn som hamnade p\u00e5 Danmarks \u201dgettolista\u201d \u00e5r 2018.<\/p>\n<p>Sedan dess har omr\u00e5det f\u00e5tt ett rej\u00e4lt ansiktslyft. Majken Felle och hennes grannar fr\u00e5n v\u00e4rldens alla h\u00f6rn \u2013 bland annat Pakistan, Syrien och Libanon \u2013 har tvingats flytta och nu har nya hyresg\u00e4ster b\u00f6rjat flytta in, som en del i Danmarks m\u00e5l om att det inte ska finnas n\u00e5gra parallellsamh\u00e4llen \u00e5r 2030.<\/p>\n","protected":false},"excerpt":{"rendered":"Ett flyttlass med v\u00e4skor och kartonger st\u00e5r uppst\u00e4llt utanf\u00f6r Mj\u00f8lnerparken, ett omr\u00e5de i nordv\u00e4stra K\u00f6penhamn som hamnade p\u00e5&hellip;\n","protected":false},"author":2,"featured_media":109656,"comment_status":"","ping_status":"","sticky":false,"template":"","format":"standard","meta":{"footnotes":""},"categories":[14],"tags":[22,23,26,27,17,21,24,25,28,29,15,16,18,34,31,33,32,30,19,20,51,52,53,54],"class_list":{"0":"post-109655","1":"post","2":"type-post","3":"status-publish","4":"format-standard","5":"has-post-thumbnail","7":"category-varlden","8":"tag-breaking-news","9":"tag-breakingnews","10":"tag-featured-news","11":"tag-featurednews","12":"tag-headlines","13":"tag-huvudnyheter","14":"tag-latest-news","15":"tag-latestnews","16":"tag-main-news","17":"tag-mainnews","18":"tag-news","19":"tag-nyheter","20":"tag-rubriker","21":"tag-se","22":"tag-svenska","23":"tag-sverige","24":"tag-sweden","25":"tag-swedish","26":"tag-top-stories","27":"tag-topstories","28":"tag-varlden","29":"tag-world","30":"tag-world-news","31":"tag-worldnews"},"share_on_mastodon":{"url":"https:\/\/pubeurope.com\/@se\/115739500417201208","error":""},"_links":{"self":[{"href":"https:\/\/www.europesays.com\/se\/wp-json\/wp\/v2\/posts\/109655","targetHints":{"allow":["GET"]}}],"collection":[{"href":"https:\/\/www.europesays.com\/se\/wp-json\/wp\/v2\/posts"}],"about":[{"href":"https:\/\/www.europesays.com\/se\/wp-json\/wp\/v2\/types\/post"}],"author":[{"embeddable":true,"href":"https:\/\/www.europesays.com\/se\/wp-json\/wp\/v2\/users\/2"}],"replies":[{"embeddable":true,"href":"https:\/\/www.europesays.com\/se\/wp-json\/wp\/v2\/comments?post=109655"}],"version-history":[{"count":0,"href":"https:\/\/www.europesays.com\/se\/wp-json\/wp\/v2\/posts\/109655\/revisions"}],"wp:featuredmedia":[{"embeddable":true,"href":"https:\/\/www.europesays.com\/se\/wp-json\/wp\/v2\/media\/109656"}],"wp:attachment":[{"href":"https:\/\/www.europesays.com\/se\/wp-json\/wp\/v2\/media?parent=109655"}],"wp:term":[{"taxonomy":"category","embeddable":true,"href":"https:\/\/www.europesays.com\/se\/wp-json\/wp\/v2\/categories?post=109655"},{"taxonomy":"post_tag","embeddable":true,"href":"https:\/\/www.europesays.com\/se\/wp-json\/wp\/v2\/tags?post=109655"}],"curies":[{"name":"wp","href":"https:\/\/api.w.org\/{rel}","templated":true}]}}