{"id":109661,"date":"2025-12-18T08:06:10","date_gmt":"2025-12-18T08:06:10","guid":{"rendered":"https:\/\/www.europesays.com\/se\/109661\/"},"modified":"2025-12-18T08:06:10","modified_gmt":"2025-12-18T08:06:10","slug":"trumplojalist-slutar-som-bitradande-fbi-chef","status":"publish","type":"post","link":"https:\/\/www.europesays.com\/se\/109661\/","title":{"rendered":"Trumplojalist slutar som bitr\u00e4dande FBI-chef"},"content":{"rendered":"<p>share-arrowDela<\/p>\n<p>unsaveSpara<\/p>\n<p>expand-left<\/p>\n<p>helsk\u00e4rm<img decoding=\"async\" class=\"image-asset hyperion-css-u06ts1\" data-test-tag=\"image-asset\" src=\"https:\/\/www.europesays.com\/se\/wp-content\/uploads\/2025\/12\/41d5ab3c-3b79-4b1a-a348-bc377d7c4da5\"  alt=\"Dan Bongino slutar som bitr\u00e4dande chef f\u00f6r USA:s federala polis FBI. Arkivbild.\"  loading=\"eager\" fetchpriority=\"high\" style=\"aspect-ratio:1900 \/ 1267\"\/>Dan Bongino slutar som bitr\u00e4dande chef f\u00f6r USA:s federala polis FBI. Arkivbild. Foto: Alex Brandon\/AP\/TT<\/p>\n<p class=\"hyperion-css-1shl3oz\" data-test-tag=\"lead-text\">Efter nio m\u00e5nader som bitr\u00e4dande chef f\u00f6r den federala polisen FBI kastar Trumplojalisten Dan Bongino in handduken.<\/p>\n<p class=\"hyperion-css-1v9qo5x\">I ett inl\u00e4gg p\u00e5 X skriver Bongino att han l\u00e4mnar FBI i januari. Han tackar president Donald Trump, justitieminister Pam Bondi och FBI-chefen Kash Patel f\u00f6r m\u00f6jligheten att arbeta \u201df\u00f6r ett syfte\u201d.<\/p>\n<p class=\"hyperion-css-1v9qo5x\">Beskedet kommer efter en tid d\u00e5 Bongino br\u00e5kat med Bondi om hanteringen av de s\u00e5 kallade Epsteinfilerna, material fr\u00e5n utredningen om den d\u00f6de sexf\u00f6rbrytaren Jeffrey Epstein, skriver USA-medier. Han har ocks\u00e5 varit i bl\u00e5sv\u00e4der r\u00f6rande migrationsmyndigheten ICE:s r\u00e4der mot pappersl\u00f6sa.<\/p>\n<p class=\"hyperion-css-1v9qo5x\">Bongino har ett f\u00f6rflutet som konservativ poddare, f\u00f6rfattare och tidigare agent vid livvaktsstyrkan Secret service. Han hade ingen erfarenhet fr\u00e5n FBI n\u00e4r han blev polismyndighetens bitr\u00e4dande chef.<\/p>\n","protected":false},"excerpt":{"rendered":"share-arrowDela unsaveSpara expand-left helsk\u00e4rmDan Bongino slutar som bitr\u00e4dande chef f\u00f6r USA:s federala polis FBI. Arkivbild. Foto: Alex Brandon\/AP\/TT&hellip;\n","protected":false},"author":2,"featured_media":109662,"comment_status":"","ping_status":"","sticky":false,"template":"","format":"standard","meta":{"footnotes":""},"categories":[14],"tags":[22,23,26,27,17,21,24,25,28,29,15,16,18,34,31,33,32,30,19,20,51,52,53,54],"class_list":{"0":"post-109661","1":"post","2":"type-post","3":"status-publish","4":"format-standard","5":"has-post-thumbnail","7":"category-varlden","8":"tag-breaking-news","9":"tag-breakingnews","10":"tag-featured-news","11":"tag-featurednews","12":"tag-headlines","13":"tag-huvudnyheter","14":"tag-latest-news","15":"tag-latestnews","16":"tag-main-news","17":"tag-mainnews","18":"tag-news","19":"tag-nyheter","20":"tag-rubriker","21":"tag-se","22":"tag-svenska","23":"tag-sverige","24":"tag-sweden","25":"tag-swedish","26":"tag-top-stories","27":"tag-topstories","28":"tag-varlden","29":"tag-world","30":"tag-world-news","31":"tag-worldnews"},"share_on_mastodon":{"url":"https:\/\/pubeurope.com\/@se\/115739544093108596","error":""},"_links":{"self":[{"href":"https:\/\/www.europesays.com\/se\/wp-json\/wp\/v2\/posts\/109661","targetHints":{"allow":["GET"]}}],"collection":[{"href":"https:\/\/www.europesays.com\/se\/wp-json\/wp\/v2\/posts"}],"about":[{"href":"https:\/\/www.europesays.com\/se\/wp-json\/wp\/v2\/types\/post"}],"author":[{"embeddable":true,"href":"https:\/\/www.europesays.com\/se\/wp-json\/wp\/v2\/users\/2"}],"replies":[{"embeddable":true,"href":"https:\/\/www.europesays.com\/se\/wp-json\/wp\/v2\/comments?post=109661"}],"version-history":[{"count":0,"href":"https:\/\/www.europesays.com\/se\/wp-json\/wp\/v2\/posts\/109661\/revisions"}],"wp:featuredmedia":[{"embeddable":true,"href":"https:\/\/www.europesays.com\/se\/wp-json\/wp\/v2\/media\/109662"}],"wp:attachment":[{"href":"https:\/\/www.europesays.com\/se\/wp-json\/wp\/v2\/media?parent=109661"}],"wp:term":[{"taxonomy":"category","embeddable":true,"href":"https:\/\/www.europesays.com\/se\/wp-json\/wp\/v2\/categories?post=109661"},{"taxonomy":"post_tag","embeddable":true,"href":"https:\/\/www.europesays.com\/se\/wp-json\/wp\/v2\/tags?post=109661"}],"curies":[{"name":"wp","href":"https:\/\/api.w.org\/{rel}","templated":true}]}}