{"id":109674,"date":"2025-12-18T08:17:20","date_gmt":"2025-12-18T08:17:20","guid":{"rendered":"https:\/\/www.europesays.com\/se\/109674\/"},"modified":"2025-12-18T08:17:20","modified_gmt":"2025-12-18T08:17:20","slug":"sammanfattning-av-kommunfullmaktige-15-december","status":"publish","type":"post","link":"https:\/\/www.europesays.com\/se\/109674\/","title":{"rendered":"Sammanfattning av kommunfullm\u00e4ktige 15 december"},"content":{"rendered":"<p class=\"news-page-dates__published\">Publicerad: 2025-12-18 08.51<\/p>\n<p class=\"news-page-dates__updated\">Uppdaterad: 2025-12-18 09.00<\/p>\n<p>Vid \u00e5rets sista sammantr\u00e4de fattade kommunfullm\u00e4ktige en rad viktiga beslut inf\u00f6r \u00e5rsskiftet. <\/p>\n<p>Framf\u00f6r allt behandlades \u00e4renden inom stadsbyggnad och exploatering, d\u00e4ribland Stockholms stads f\u00f6rv\u00e4rv av Hjulstahem genom Familjebost\u00e4der, samt beslut om bemanning av n\u00e4mnder och styrelser inf\u00f6r det kommande \u00e5ret.<\/p>\n<p>Kommunfullm\u00e4ktiges ordf\u00f6rande Olle Burell ber\u00e4ttar om m\u00f6tet.<\/p>\n<p><img decoding=\"async\" style=\"display: block; height: auto; width: 100%;\" src=\"https:\/\/www.europesays.com\/se\/wp-content\/uploads\/2025\/12\/73CCYR7SRH.jpg\" alt=\"\"\/><\/p>\n<p>\u00a0<\/p>\n<p>Kommunfullm\u00e4ktiges m\u00f6ten \u00e4r \u00f6ppna f\u00f6r allm\u00e4nheten och alla \u00e4r v\u00e4lkomna att ta del av m\u00f6tet fr\u00e5n \u00e5h\u00f6rarl\u00e4ktaren i R\u00e5dssalen i Stadshuset, ing\u00e5ng fr\u00e5n Borgarg\u00e5rden p\u00e5 Hantverkargatan 1.<\/p>\n<p>Du kan ta del av protokollet n\u00e4r det justerats.<\/p>\n<p class=\"arrow-link\"><a class=\"arrow-link\" href=\"https:\/\/meetingspublic.stockholm.se\/committees\/kommunfullmaktige\/mote-2025-12-15\" rel=\"nofollow noopener\" target=\"_blank\">\u00c4renden och protokoll<\/a><\/p>\n<p>Webb-tv<\/p>\n<p class=\"arrow-link\">Du kan se hela m\u00f6tet och ta del av kommande m\u00f6ten via webb-tv.<\/p>\n<p class=\"arrow-link\"><a class=\"arrow-link\" href=\"https:\/\/stockholm.kommunetv.se\/archive\/186\" rel=\"nofollow noopener\" target=\"_blank\">Webb-tv: Se sammantr\u00e4det<\/a><\/p>\n","protected":false},"excerpt":{"rendered":"Publicerad: 2025-12-18 08.51 Uppdaterad: 2025-12-18 09.00 Vid \u00e5rets sista sammantr\u00e4de fattade kommunfullm\u00e4ktige en rad viktiga beslut inf\u00f6r \u00e5rsskiftet.&hellip;\n","protected":false},"author":2,"featured_media":109675,"comment_status":"","ping_status":"","sticky":false,"template":"","format":"standard","meta":{"footnotes":""},"categories":[12],"tags":[22,23,26,27,17,21,24,25,28,29,15,16,18,34,31,33,32,30,19,20],"class_list":{"0":"post-109674","1":"post","2":"type-post","3":"status-publish","4":"format-standard","5":"has-post-thumbnail","7":"category-sverige","8":"tag-breaking-news","9":"tag-breakingnews","10":"tag-featured-news","11":"tag-featurednews","12":"tag-headlines","13":"tag-huvudnyheter","14":"tag-latest-news","15":"tag-latestnews","16":"tag-main-news","17":"tag-mainnews","18":"tag-news","19":"tag-nyheter","20":"tag-rubriker","21":"tag-se","22":"tag-svenska","23":"tag-sverige","24":"tag-sweden","25":"tag-swedish","26":"tag-top-stories","27":"tag-topstories"},"share_on_mastodon":{"url":"https:\/\/pubeurope.com\/@se\/115739587119837829","error":""},"_links":{"self":[{"href":"https:\/\/www.europesays.com\/se\/wp-json\/wp\/v2\/posts\/109674","targetHints":{"allow":["GET"]}}],"collection":[{"href":"https:\/\/www.europesays.com\/se\/wp-json\/wp\/v2\/posts"}],"about":[{"href":"https:\/\/www.europesays.com\/se\/wp-json\/wp\/v2\/types\/post"}],"author":[{"embeddable":true,"href":"https:\/\/www.europesays.com\/se\/wp-json\/wp\/v2\/users\/2"}],"replies":[{"embeddable":true,"href":"https:\/\/www.europesays.com\/se\/wp-json\/wp\/v2\/comments?post=109674"}],"version-history":[{"count":0,"href":"https:\/\/www.europesays.com\/se\/wp-json\/wp\/v2\/posts\/109674\/revisions"}],"wp:featuredmedia":[{"embeddable":true,"href":"https:\/\/www.europesays.com\/se\/wp-json\/wp\/v2\/media\/109675"}],"wp:attachment":[{"href":"https:\/\/www.europesays.com\/se\/wp-json\/wp\/v2\/media?parent=109674"}],"wp:term":[{"taxonomy":"category","embeddable":true,"href":"https:\/\/www.europesays.com\/se\/wp-json\/wp\/v2\/categories?post=109674"},{"taxonomy":"post_tag","embeddable":true,"href":"https:\/\/www.europesays.com\/se\/wp-json\/wp\/v2\/tags?post=109674"}],"curies":[{"name":"wp","href":"https:\/\/api.w.org\/{rel}","templated":true}]}}