{"id":109676,"date":"2025-12-18T08:18:09","date_gmt":"2025-12-18T08:18:09","guid":{"rendered":"https:\/\/www.europesays.com\/se\/109676\/"},"modified":"2025-12-18T08:18:09","modified_gmt":"2025-12-18T08:18:09","slug":"johanna-nilsson-blir-digitaliserings-och-it-direktor-i-region-skane","status":"publish","type":"post","link":"https:\/\/www.europesays.com\/se\/109676\/","title":{"rendered":"Johanna Nilsson blir digitaliserings- och IT-direkt\u00f6r i Region Sk\u00e5ne"},"content":{"rendered":"<p>\u2013 Det gl\u00e4der mig att Johanna Nilsson forts\u00e4tter i uppdraget som digitaliserings- och IT-direkt\u00f6r. Med sin erfarenhet av att leda en komplex organisation, har hon en viktig roll att leda f\u00f6rvaltningen genom en tydlig riktning och stort engagemang, vilket st\u00e4rker v\u00e5ra digitala satsningar, s\u00e4ger regiondirekt\u00f6r Jonna Myrebris.<\/p>\n<p>F\u00f6rvaltningen Digitalisering IT och MT ger st\u00f6d och service till samtliga verksamheter i Region Sk\u00e5ne n\u00e4r det g\u00e4ller IT och medicinsk teknik. F\u00f6rvaltningen har som uppdrag att leverera en modern och sammanh\u00e5llen digital v\u00e5rdmilj\u00f6, samtidigt som befintliga IT\/MT-tj\u00e4nster driftas, f\u00f6rvaltas och levereras.<\/p>\n<p>\u2013 Med min erfarenhet av att arbeta som chef och ledare i stora organisationer med komplexa system hoppas jag kunna bidra med att balansera kortsiktig leveransf\u00f6rm\u00e5ga med l\u00e5ngsiktig utveckling samt st\u00e4rka samverkan med v\u00e5rden och koncernkontoret f\u00f6r att vi ska kunna ligga i framkant. Det k\u00e4nns bra att f\u00e5 m\u00f6jligheten att forts\u00e4tta att driva regionens digitala utveckling f\u00f6r att skapa v\u00e4rde f\u00f6r Sk\u00e5nes inv\u00e5nare, s\u00e4ger Johanna Nilsson.<\/p>\n<p>Johanna Nilsson har arbetat i Region Sk\u00e5ne och f\u00f6rvaltningen Digitalisering IT och MT sedan h\u00f6sten 2021. Innan dess har hon bland annat haft globala uppdrag hos ett IT-konsultbolag. Under sitt arbetsliv har hon arbetat mycket med f\u00f6r\u00e4ndringsledning samt organisations- och processutveckling.<\/p>\n","protected":false},"excerpt":{"rendered":"\u2013 Det gl\u00e4der mig att Johanna Nilsson forts\u00e4tter i uppdraget som digitaliserings- och IT-direkt\u00f6r. Med sin erfarenhet av&hellip;\n","protected":false},"author":2,"featured_media":109677,"comment_status":"","ping_status":"","sticky":false,"template":"","format":"standard","meta":{"footnotes":""},"categories":[5],"tags":[22,23,26,27,17,21,24,25,28,29,15,16,18,34,31,33,32,30,19,20],"class_list":{"0":"post-109676","1":"post","2":"type-post","3":"status-publish","4":"format-standard","5":"has-post-thumbnail","7":"category-rubriker","8":"tag-breaking-news","9":"tag-breakingnews","10":"tag-featured-news","11":"tag-featurednews","12":"tag-headlines","13":"tag-huvudnyheter","14":"tag-latest-news","15":"tag-latestnews","16":"tag-main-news","17":"tag-mainnews","18":"tag-news","19":"tag-nyheter","20":"tag-rubriker","21":"tag-se","22":"tag-svenska","23":"tag-sverige","24":"tag-sweden","25":"tag-swedish","26":"tag-top-stories","27":"tag-topstories"},"share_on_mastodon":{"url":"https:\/\/pubeurope.com\/@se\/115739590875980792","error":""},"_links":{"self":[{"href":"https:\/\/www.europesays.com\/se\/wp-json\/wp\/v2\/posts\/109676","targetHints":{"allow":["GET"]}}],"collection":[{"href":"https:\/\/www.europesays.com\/se\/wp-json\/wp\/v2\/posts"}],"about":[{"href":"https:\/\/www.europesays.com\/se\/wp-json\/wp\/v2\/types\/post"}],"author":[{"embeddable":true,"href":"https:\/\/www.europesays.com\/se\/wp-json\/wp\/v2\/users\/2"}],"replies":[{"embeddable":true,"href":"https:\/\/www.europesays.com\/se\/wp-json\/wp\/v2\/comments?post=109676"}],"version-history":[{"count":0,"href":"https:\/\/www.europesays.com\/se\/wp-json\/wp\/v2\/posts\/109676\/revisions"}],"wp:featuredmedia":[{"embeddable":true,"href":"https:\/\/www.europesays.com\/se\/wp-json\/wp\/v2\/media\/109677"}],"wp:attachment":[{"href":"https:\/\/www.europesays.com\/se\/wp-json\/wp\/v2\/media?parent=109676"}],"wp:term":[{"taxonomy":"category","embeddable":true,"href":"https:\/\/www.europesays.com\/se\/wp-json\/wp\/v2\/categories?post=109676"},{"taxonomy":"post_tag","embeddable":true,"href":"https:\/\/www.europesays.com\/se\/wp-json\/wp\/v2\/tags?post=109676"}],"curies":[{"name":"wp","href":"https:\/\/api.w.org\/{rel}","templated":true}]}}