{"id":109685,"date":"2025-12-18T08:25:15","date_gmt":"2025-12-18T08:25:15","guid":{"rendered":"https:\/\/www.europesays.com\/se\/109685\/"},"modified":"2025-12-18T08:25:15","modified_gmt":"2025-12-18T08:25:15","slug":"guldgemet-2025-elevkaren-katedral-prisas-for-arets-insats","status":"publish","type":"post","link":"https:\/\/www.europesays.com\/se\/109685\/","title":{"rendered":"Guldgemet 2025: Elevk\u00e5ren Katedral prisas f\u00f6r \u00e5rets insats"},"content":{"rendered":"<p>                Elevk\u00e5ren Katedral \u2013 \u00c5rets insats<\/p>\n<p>2025 gick priset f\u00f6r \u00c5rets insats till Elevk\u00e5ren Katedral vid Katedralskolan i Uppsala. Elevk\u00e5ren har under \u00e5ret utm\u00e4rkt sig genom ett framg\u00e5ngsrikt f\u00f6rhandlingsarbete med studentm\u00f6ssebolagen. Genom att agera f\u00f6r sina medlemmars r\u00e4kning har k\u00e5ren lyckats s\u00e4nka kostnaderna f\u00f6r studentm\u00f6ssor. Insatsen har uppm\u00e4rksammats av Uppsala kommun och lyfts fram som ett f\u00f6red\u00f6me f\u00f6r hur elevk\u00e5rer kan skapa en mer givande skoltid.<\/p>\n<p>\u2013 Vi \u00e4r otroligt glada och stolta \u00f6ver den h\u00e4r utm\u00e4rkelsen. Det k\u00e4nns fantastiskt att v\u00e5rt arbete har bidragit till att f\u00f6r\u00e4ndra den problematik som finns kring studentm\u00f6ssorna och att det uppm\u00e4rksammas av kommunen, media och inte minst v\u00e5r huvudorganisation, Sveriges Elevk\u00e5rer. Det h\u00e4r priset st\u00e4rker oss i v\u00e5rt arbete och visar att det vi g\u00f6r \u00e4r av stor betydelse f\u00f6r v\u00e5ra medlemmar, s\u00e4ger Hj\u00f6rdis Hildebrandt, ordf\u00f6rande i Katedralskolans elevk\u00e5r.<\/p>\n<p>Ambassad\u00f6rsprogrammet<\/p>\n<p>Katedralskolan elevk\u00e5r \u00e4r inte bara i rampljuset f\u00f6r sitt pris utan skolan \u00e4r ocks\u00e5 en del av ett nytt ambassad\u00f6rsprogram som ska st\u00e4rka samarbetet mellan elevk\u00e5rer och skolledare. Programmet \u00e4r ett initiativ fr\u00e5n Sveriges Elevk\u00e5rer och Sveriges Skolledare och syftar till att sprida goda exempel p\u00e5 hur dialog och samarbete kan f\u00f6r\u00e4ndra skolan.<\/p>\n<p>Fem ambassad\u00f6rspar, best\u00e5ende av rektorer och elevk\u00e5rsaktiva fr\u00e5n olika gymnasieskolor, har valts ut f\u00f6r att under ett \u00e5r delta i aktiviteter som fr\u00e4mjar erfarenhetsutbyte och skolutveckling. Bland dessa finns Andreas Widmark, enhetsrektor p\u00e5 Katedralskolan, tillsammans med elevk\u00e5rsordf\u00f6rande Hj\u00f6rdis Hildebrandt.<\/p>\n<p>\u2013 N\u00e4r elevk\u00e5rer och skolledning jobbar ihop h\u00e4nder det n\u00e5got p\u00e5 riktigt. Vi ser hur samarbete skapar tryggare och mer inkluderande milj\u00f6er, och det \u00e4r precis den utveckling vi vill driva fram\u00e5t, s\u00e4ger Andreas Widmark, enhetsrektor p\u00e5 Katedralskolan.<\/p>\n<p>Programmet omfattar skolor fr\u00e5n Uppsala, V\u00e4ster\u00e5s, J\u00f6nk\u00f6ping, \u00d6rebro och Stockholm och \u00e4r en del av en st\u00f6rre satsning f\u00f6r att inspirera fler att ta gemensamt ansvar f\u00f6r skolans utveckling.<\/p>\n","protected":false},"excerpt":{"rendered":"Elevk\u00e5ren Katedral \u2013 \u00c5rets insats 2025 gick priset f\u00f6r \u00c5rets insats till Elevk\u00e5ren Katedral vid Katedralskolan i Uppsala.&hellip;\n","protected":false},"author":2,"featured_media":32645,"comment_status":"","ping_status":"","sticky":false,"template":"","format":"standard","meta":{"footnotes":""},"categories":[12],"tags":[22,23,26,27,17,21,24,25,28,29,15,16,18,34,31,33,32,30,19,20],"class_list":{"0":"post-109685","1":"post","2":"type-post","3":"status-publish","4":"format-standard","5":"has-post-thumbnail","7":"category-sverige","8":"tag-breaking-news","9":"tag-breakingnews","10":"tag-featured-news","11":"tag-featurednews","12":"tag-headlines","13":"tag-huvudnyheter","14":"tag-latest-news","15":"tag-latestnews","16":"tag-main-news","17":"tag-mainnews","18":"tag-news","19":"tag-nyheter","20":"tag-rubriker","21":"tag-se","22":"tag-svenska","23":"tag-sverige","24":"tag-sweden","25":"tag-swedish","26":"tag-top-stories","27":"tag-topstories"},"share_on_mastodon":{"url":"https:\/\/pubeurope.com\/@se\/115739618480477684","error":""},"_links":{"self":[{"href":"https:\/\/www.europesays.com\/se\/wp-json\/wp\/v2\/posts\/109685","targetHints":{"allow":["GET"]}}],"collection":[{"href":"https:\/\/www.europesays.com\/se\/wp-json\/wp\/v2\/posts"}],"about":[{"href":"https:\/\/www.europesays.com\/se\/wp-json\/wp\/v2\/types\/post"}],"author":[{"embeddable":true,"href":"https:\/\/www.europesays.com\/se\/wp-json\/wp\/v2\/users\/2"}],"replies":[{"embeddable":true,"href":"https:\/\/www.europesays.com\/se\/wp-json\/wp\/v2\/comments?post=109685"}],"version-history":[{"count":0,"href":"https:\/\/www.europesays.com\/se\/wp-json\/wp\/v2\/posts\/109685\/revisions"}],"wp:featuredmedia":[{"embeddable":true,"href":"https:\/\/www.europesays.com\/se\/wp-json\/wp\/v2\/media\/32645"}],"wp:attachment":[{"href":"https:\/\/www.europesays.com\/se\/wp-json\/wp\/v2\/media?parent=109685"}],"wp:term":[{"taxonomy":"category","embeddable":true,"href":"https:\/\/www.europesays.com\/se\/wp-json\/wp\/v2\/categories?post=109685"},{"taxonomy":"post_tag","embeddable":true,"href":"https:\/\/www.europesays.com\/se\/wp-json\/wp\/v2\/tags?post=109685"}],"curies":[{"name":"wp","href":"https:\/\/api.w.org\/{rel}","templated":true}]}}