{"id":109694,"date":"2025-12-18T08:32:13","date_gmt":"2025-12-18T08:32:13","guid":{"rendered":"https:\/\/www.europesays.com\/se\/109694\/"},"modified":"2025-12-18T08:32:13","modified_gmt":"2025-12-18T08:32:13","slug":"ving-forst-ut-att-lansera-direktcharter-till-vlora-i-albanien-till-sommaren","status":"publish","type":"post","link":"https:\/\/www.europesays.com\/se\/109694\/","title":{"rendered":"Ving f\u00f6rst ut att lansera direktcharter till Vlora i Albanien till sommaren"},"content":{"rendered":"<p><strong><\/p>\n<p><strong>N\u00e4r portarna till en helt ny internationell flygplats i Albanien \u00f6ppnas i v\u00e5r, med Vlora Airport, blir Ving blir f\u00f6rst ut i Norden att lansera direktcharter till den s\u00f6dra kusten av landet. Senast Ving erbj\u00f6d Albanien var till resm\u00e5let Saranda, men d\u00e5 med en l\u00e4ngre transfer fr\u00e5n grekiska Korfu. Nu erbjuds avg\u00e5ngar med det egna flygbolaget Sunclass Airlines direkt till Vlora med start den 3 juni och ett ut\u00f6kat program med fyra olika resm\u00e5l. <\/strong><\/p>\n<p><\/strong><\/p>\n<p>-Med Vloras nya flygplats k\u00e4nns Albanien som n\u00e4sta \u00e5rs mest sj\u00e4lvklara uppstickare. F\u00f6r m\u00e5nga svenskar \u00e4r Albanien fortfarande en relativt outforskad del av Balkan d\u00e4r turismen bara f\u00f6r n\u00e5gra \u00e5r sedan var i sin linda, men d\u00e4r det nu sker mycket i rask takt. F\u00f6rutom h\u00e4rliga str\u00e4nder finns ocks\u00e5 sp\u00e4nnande influenser fr\u00e5n b\u00e5de Grekland, Italien och Balkan att utforska, b\u00e5de i form av mat och dryck, historia och kultur samt vackra naturupplevelser. Det \u00e4r ocks\u00e5 v\u00e4ldigt prisv\u00e4rt, d\u00e4r man tex kan f\u00e5 en flaska lokalt vin f\u00f6r bara ca 30 kr. Med Sunclass Airlines kan vi erbjuda en unik m\u00f6jlighet att komma direkt till en av Albaniens mest attraktiva kuster, s\u00e4ger Claes Pellvik, kommunikationschef Ving.<\/p>\n<p>F\u00f6rsta avg\u00e5ng till Vlora \u00e4ger rum den 3 juni fr\u00e5n Arlanda samt den 17 juni fr\u00e5n Kastrup. Sunclass Airlines trafikerar sedan Albanien och Vlora varje vecka fr\u00e5n Stockholm och K\u00f6penhamn fram till den 23 september.<\/p>\n<p><strong>Fyra olika resm\u00e5l l\u00e4ngs kusten<\/strong><\/p>\n<p>I programmet finns fyra olika resm\u00e5l med olika karakt\u00e4r att v\u00e4lja mellan: lugna <strong>Orikum<\/strong> med flera familjev\u00e4nliga All Inclusive-resort; <strong>Vlora<\/strong> d\u00e4r man bor med strandl\u00e4ge och n\u00e4rhet till Albaniens tredje st\u00f6rsta stad; <strong>Saranda <\/strong>l\u00e4ngst i s\u00f6derut som lockar med god mat, sp\u00e4nnande historia och vacker natur samt <strong>Dhermi<\/strong>, som erbjuder kilometerl\u00e5nga sandstr\u00e4nder. Totalt erbjuder Ving ett tjugotal hotell i varierande prisklasser l\u00e4ngs kusten.<\/p>\n<p><strong>Sunclass Airlines f\u00f6rst ut att trafikera den nya flygplatsen <\/strong><\/p>\n<p>Med \u00f6ppnandet av Vlora Airport inleds en ny era f\u00f6r den inkommande turismen till Albanien och i synnerhet den s\u00f6dra kustremsan av landet, som inte bara v\u00e4ntas stimulera den albanska ekonomin utan ocks\u00e5 skapa m\u00e5nga nya jobbtillf\u00e4llen. Som f\u00f6rsta nordiska charterflygbolag att trafikera flygplatsen ser Sunclass Airlines Commercial Director, Filip Halvardsson, stor potential.<\/p>\n<p>-Det \u00e4r inte varje dag man f\u00e5r m\u00f6jlighet att vara med och \u00f6ppna en helt ny flygplats. D\u00e4rf\u00f6r \u00e4r denna lansering v\u00e4ldigt speciell. Albanien \u00e4r b\u00e5de vackert och sp\u00e4nnande, och vi ser fram emot att h\u00e4lsa g\u00e4sterna v\u00e4lkomna ombord p\u00e5 v\u00e5ra rymliga Airbus 321-flyg, s\u00e4ger Filip Halvardsson.<\/p>\n<p>F\u00f6rutom avg\u00e5ngarna fr\u00e5n Stockholm och K\u00f6penhamn kommer Sunclass Airlines \u00e4ven att flyga direkt till Vlora Airport fr\u00e5n Oslo Gardemoen under perioden 6 juni-19 september 2026.<\/p>\n<p>\u00a0<\/p>\n","protected":false},"excerpt":{"rendered":"N\u00e4r portarna till en helt ny internationell flygplats i Albanien \u00f6ppnas i v\u00e5r, med Vlora Airport, blir Ving&hellip;\n","protected":false},"author":2,"featured_media":109695,"comment_status":"","ping_status":"","sticky":false,"template":"","format":"standard","meta":{"footnotes":""},"categories":[14],"tags":[22,23,26,27,17,21,24,25,28,29,15,16,18,34,31,33,32,30,19,20,51,52,53,54],"class_list":{"0":"post-109694","1":"post","2":"type-post","3":"status-publish","4":"format-standard","5":"has-post-thumbnail","7":"category-varlden","8":"tag-breaking-news","9":"tag-breakingnews","10":"tag-featured-news","11":"tag-featurednews","12":"tag-headlines","13":"tag-huvudnyheter","14":"tag-latest-news","15":"tag-latestnews","16":"tag-main-news","17":"tag-mainnews","18":"tag-news","19":"tag-nyheter","20":"tag-rubriker","21":"tag-se","22":"tag-svenska","23":"tag-sverige","24":"tag-sweden","25":"tag-swedish","26":"tag-top-stories","27":"tag-topstories","28":"tag-varlden","29":"tag-world","30":"tag-world-news","31":"tag-worldnews"},"share_on_mastodon":{"url":"https:\/\/pubeurope.com\/@se\/115739646034168373","error":""},"_links":{"self":[{"href":"https:\/\/www.europesays.com\/se\/wp-json\/wp\/v2\/posts\/109694","targetHints":{"allow":["GET"]}}],"collection":[{"href":"https:\/\/www.europesays.com\/se\/wp-json\/wp\/v2\/posts"}],"about":[{"href":"https:\/\/www.europesays.com\/se\/wp-json\/wp\/v2\/types\/post"}],"author":[{"embeddable":true,"href":"https:\/\/www.europesays.com\/se\/wp-json\/wp\/v2\/users\/2"}],"replies":[{"embeddable":true,"href":"https:\/\/www.europesays.com\/se\/wp-json\/wp\/v2\/comments?post=109694"}],"version-history":[{"count":0,"href":"https:\/\/www.europesays.com\/se\/wp-json\/wp\/v2\/posts\/109694\/revisions"}],"wp:featuredmedia":[{"embeddable":true,"href":"https:\/\/www.europesays.com\/se\/wp-json\/wp\/v2\/media\/109695"}],"wp:attachment":[{"href":"https:\/\/www.europesays.com\/se\/wp-json\/wp\/v2\/media?parent=109694"}],"wp:term":[{"taxonomy":"category","embeddable":true,"href":"https:\/\/www.europesays.com\/se\/wp-json\/wp\/v2\/categories?post=109694"},{"taxonomy":"post_tag","embeddable":true,"href":"https:\/\/www.europesays.com\/se\/wp-json\/wp\/v2\/tags?post=109694"}],"curies":[{"name":"wp","href":"https:\/\/api.w.org\/{rel}","templated":true}]}}