{"id":109702,"date":"2025-12-18T08:42:07","date_gmt":"2025-12-18T08:42:07","guid":{"rendered":"https:\/\/www.europesays.com\/se\/109702\/"},"modified":"2025-12-18T08:42:07","modified_gmt":"2025-12-18T08:42:07","slug":"skogsbrukets-skador-pa-kulturlamningar-okar","status":"publish","type":"post","link":"https:\/\/www.europesays.com\/se\/109702\/","title":{"rendered":"Skogsbrukets skador p\u00e5 kulturl\u00e4mningar \u00f6kar"},"content":{"rendered":"<p>            <a href=\"https:\/\/tidningensyre.se\/sektion\/radar\/\" class=\"article__breadcrumb-link article__breadcrumb-link--magenta\" rel=\"nofollow noopener\" target=\"_blank\">Radar<\/a><br \/>\n             \u00b7 Milj\u00f6\ufeff<\/p>\n<p>\n            Publicerad 20 timmar sedan\n        <\/p>\n<p>\n                    Markberedning och skogsmaskiner orsakar mest skador p\u00e5 kulturl\u00e4mningar i skogen. Foto: Camilla Zilo\/Skogsstyrelsen\n            <\/p>\n<p class=\"article__sublead\">Andelen skador som skogsavverkning orsakar p\u00e5 kulturl\u00e4mningar har \u00f6kat det senaste \u00e5ret.<br \/>\u2013 Det \u00e4r dystra siffror vi ser, s\u00e4ger Skogsstyrelsens kulturmilj\u00f6specialist, som anser att kunskapen m\u00e5ste \u00f6ka.  <\/p>\n<p class=\"article__paragraph\">Skogsstyrelsens senaste inventering av kulturmilj\u00f6h\u00e4nsynen i skogen visat att 18 procent av kulturl\u00e4mningarna har en skada eller en grov skada. Det \u00e4r en \u00f6kning med 8 procentenheter sedan 2024. R\u00e4knas man \u00e4ven in annan p\u00e5verkan, som l\u00e4ttare k\u00f6rskador, tryckskador och kvarl\u00e4mnade ris och grenar  \u00e4r 38 procent av kulturl\u00e4mningarna p\u00e5verkade eller skadade.<\/p>\n<p class=\"article__paragraph\">\u2013 Det \u00e4r dystra siffror vi ser. F\u00f6rst\u00f6rda kulturl\u00e4mningar v\u00e4xer inte tillbaka. Centrala delar i historien om Sverige och ber\u00e4ttelsen om m\u00e4nniskors liv och landskap naggas hela tiden i kanten eller f\u00f6rsvinner f\u00f6r alltid, s\u00e4ger Michael Lehorst, kulturmilj\u00f6specialist p\u00e5 Skogsstyrelsen, i ett <a href=\"https:\/\/via.tt.se\/pressmeddelande\/4191260\/okning-av-skador-pa-kulturlamningar-i-skogen?publisherId=415163&amp;lang=sv\" target=\"_blank\" rel=\"noopener nofollow\">pressmeddelande<\/a>.<\/p>\n<p class=\"article__paragraph\">N\u00e4r skadefrekvensen nu \u00f6kar f\u00f6r f\u00f6rsta g\u00e5ngen p\u00e5 n\u00e5gra \u00e5r \u00f6kar g\u00e4ller det b\u00e5de fornl\u00e4mningar, som omfattas av kulturmilj\u00f6lagen och \u00f6vriga kulturhistoriska l\u00e4mningar som omfattas av skogsv\u00e5rdslagen.<\/p>\n<p>Vad \u00e4r l\u00e4mningar?<\/p>\n<p class=\"article__paragraph\"><strong>Kulturl\u00e4mningar<\/strong> \u00e4r varaktigt \u00f6vergivna l\u00e4mningar efter \u00e4ldre tiders bruk. <\/p>\n<p class=\"article__paragraph\"><strong>Fornl\u00e4mning<\/strong> \u00e4r en l\u00e4mning efter m\u00e4nniskors verksamhet under forna tider som tillkommit genom \u00e4ldre tiders bruk, \u00e4r varaktigt \u00f6vergiven och kan antas vara tillkommen f\u00f6re \u00e5r 1850, till exempel sten\u00e5ldersboplatser, f\u00e5ngstgropar och gravar. <\/p>\n<p class=\"article__paragraph\">Till alla fornl\u00e4mningar h\u00f6r ett <strong>fornl\u00e4mningsomr\u00e5de<\/strong> som \u00e4r en del av fornl\u00e4mningen och har samma skydd som sj\u00e4lva l\u00e4mningen. <\/p>\n<p class=\"article__paragraph\"><strong>\u00d6vrig kulturhistorisk l\u00e4mning<\/strong> \u00e4r l\u00e4mningar som har ett kulturhistoriskt v\u00e4rde men ej uppfyller alla kriterier f\u00f6r att bed\u00f6mas som fornl\u00e4mning. De \u00e4r oftast tillkomna efter \u00e5r 1850, till exempel kolbottnar och husgrunder. <\/p>\n<p><a href=\"http:\/\/Kulturl\u00e4mningar: Kulturl\u00e4mningar \u00e4r varaktigt \u00f6vergivna l\u00e4mningar efter \u00e4ldre tiders bruk. I statistiken anv\u00e4nds kulturl\u00e4mningar som ett samlingsbegrepp f\u00f6r fornl\u00e4mningar och \u00f6vriga kulturhistoriska l\u00e4mningar. Dessa har olika lagskydd.  Fornl\u00e4mning: En l\u00e4mning efter m\u00e4nniskors verksamhet under forna tider som tillkommit genom \u00e4ldre tiders bruk, \u00e4r varaktigt \u00f6vergiven och kan antas vara tillkommen f\u00f6re \u00e5r 1850. Exempel: sten\u00e5ldersboplatser, f\u00e5ngstgropar och gravar. L\u00e4nsstyrelsen kan fornl\u00e4mningsf\u00f6rklara en yngre l\u00e4mning om det finns sk\u00e4l med h\u00e4nsyn till dess kulturhistoriska v\u00e4rde. Fornl\u00e4mningar omfattas av 2 kap. Kulturmilj\u00f6lagen (1988:950).  Fornl\u00e4mningsomr\u00e5de: Till alla fornl\u00e4mningar h\u00f6r ett fornl\u00e4mningsomr\u00e5de. Fornl\u00e4mningsomr\u00e5det \u00e4r en del av fornl\u00e4mningen och har samma skydd som sj\u00e4lva l\u00e4mningen. L\u00e4nsstyrelsen bed\u00f6mer fornl\u00e4mningsomr\u00e5dets utbredning i samband med samr\u00e5ds\u00e4renden och tillst\u00e5nds\u00e4renden enligt 2 kap. Kulturmilj\u00f6lagen (1988:950).  \u00d6vrig kulturhistorisk l\u00e4mning: L\u00e4mningar som har ett kulturhistoriskt v\u00e4rde men ej uppfyller alla kriterier f\u00f6r att bed\u00f6mas som fornl\u00e4mning. Oftast tillkomna efter \u00e5r 1850. Exempel: kolbottnar och husgrunder. Skogsstyrelsen \u00e4r tillsynsmyndighet f\u00f6r \u00f6vriga kulturhistoriska l\u00e4mningar p\u00e5 skogsmark. Dessa l\u00e4mningar omfattas av 30 \u00a7 Skogsv\u00e5rdslagen\">Skogsstyrelsen<\/a><\/p>\n<p class=\"article__paragraph\">Markberedning \u00e4r den enskilt st\u00f6rsta orsaken till skador p\u00e5 kulturl\u00e4mningar, f\u00f6ljt av k\u00f6rskador fr\u00e5n skogsmaskiner. Anledningen, s\u00e4ger Michael Lehorst, \u00e4r att l\u00e4nsstyrelsernas beslut om milj\u00f6h\u00e4nsyn och tillst\u00e5nd i \u00e5tg\u00e4rder i fornl\u00e4mningarna inte f\u00f6ljs, och detta beh\u00f6ver man utv\u00e4rdera tillsammans med skogs\u00e4garna och skogsf\u00f6retagen. Dessutom \u00e4r det viktigt att \u00f6ka kunskapen. <\/p>\n<p class=\"article__paragraph\">\u2013 Skogsstyrelsen \u00e4r \u00f6vertygad om att r\u00e4tt kunskap om kulturv\u00e4rdena i den egna skogen och om den milj\u00f6h\u00e4nsyn de beh\u00f6ver, ocks\u00e5 i skogsf\u00f6retagen, \u00e4r en god grund att st\u00e5 p\u00e5 f\u00f6r r\u00e4tt milj\u00f6h\u00e4nsyn, s\u00e4ger han i pressmeddelandet.<\/p>\n<p>Om inventeringen<\/p>\n<p class=\"article__paragraph\">Resultatet f\u00f6r 2025 bygger p\u00e5 f\u00f6ryngringsavverkningar som inventerats under 2025 och som avverkats mellan 1 juli 2021 och 30 juni 2022.<\/p>\n<p class=\"article__paragraph\">F\u00f6r att markera kulturl\u00e4mningar finns s\u00e5 kallade kulturstubbar. Inventeringen visar att andelen skadade eller grovt skadade kulturl\u00e4mningar var h\u00f6gre n\u00e4r det inte finns n\u00e5gon form av utm\u00e4rkning. <\/p>\n<p><a href=\"https:\/\/www.skogsstyrelsen.se\/nyhetslista\/mer-skador-pa-kulturlamningar-2025\/\" target=\"_blank\" rel=\"noopener nofollow\">Skogsstyrelsen<\/a><\/p>\n","protected":false},"excerpt":{"rendered":"Radar \u00b7 Milj\u00f6\ufeff Publicerad 20 timmar sedan Markberedning och skogsmaskiner orsakar mest skador p\u00e5 kulturl\u00e4mningar i skogen. Foto:&hellip;\n","protected":false},"author":2,"featured_media":109703,"comment_status":"","ping_status":"","sticky":false,"template":"","format":"standard","meta":{"footnotes":""},"categories":[12],"tags":[22,23,26,27,17,21,24,25,28,29,15,16,18,34,31,33,32,30,19,20],"class_list":{"0":"post-109702","1":"post","2":"type-post","3":"status-publish","4":"format-standard","5":"has-post-thumbnail","7":"category-sverige","8":"tag-breaking-news","9":"tag-breakingnews","10":"tag-featured-news","11":"tag-featurednews","12":"tag-headlines","13":"tag-huvudnyheter","14":"tag-latest-news","15":"tag-latestnews","16":"tag-main-news","17":"tag-mainnews","18":"tag-news","19":"tag-nyheter","20":"tag-rubriker","21":"tag-se","22":"tag-svenska","23":"tag-sverige","24":"tag-sweden","25":"tag-swedish","26":"tag-top-stories","27":"tag-topstories"},"share_on_mastodon":{"url":"https:\/\/pubeurope.com\/@se\/115739685305080729","error":""},"_links":{"self":[{"href":"https:\/\/www.europesays.com\/se\/wp-json\/wp\/v2\/posts\/109702","targetHints":{"allow":["GET"]}}],"collection":[{"href":"https:\/\/www.europesays.com\/se\/wp-json\/wp\/v2\/posts"}],"about":[{"href":"https:\/\/www.europesays.com\/se\/wp-json\/wp\/v2\/types\/post"}],"author":[{"embeddable":true,"href":"https:\/\/www.europesays.com\/se\/wp-json\/wp\/v2\/users\/2"}],"replies":[{"embeddable":true,"href":"https:\/\/www.europesays.com\/se\/wp-json\/wp\/v2\/comments?post=109702"}],"version-history":[{"count":0,"href":"https:\/\/www.europesays.com\/se\/wp-json\/wp\/v2\/posts\/109702\/revisions"}],"wp:featuredmedia":[{"embeddable":true,"href":"https:\/\/www.europesays.com\/se\/wp-json\/wp\/v2\/media\/109703"}],"wp:attachment":[{"href":"https:\/\/www.europesays.com\/se\/wp-json\/wp\/v2\/media?parent=109702"}],"wp:term":[{"taxonomy":"category","embeddable":true,"href":"https:\/\/www.europesays.com\/se\/wp-json\/wp\/v2\/categories?post=109702"},{"taxonomy":"post_tag","embeddable":true,"href":"https:\/\/www.europesays.com\/se\/wp-json\/wp\/v2\/tags?post=109702"}],"curies":[{"name":"wp","href":"https:\/\/api.w.org\/{rel}","templated":true}]}}